{"id":913,"date":"2020-01-07T16:28:07","date_gmt":"2020-01-07T19:28:07","guid":{"rendered":"http:\/\/camaradetubo.com\/?p=913"},"modified":"2024-03-03T21:25:33","modified_gmt":"2024-03-04T00:25:33","slug":"y-ahora-que","status":"publish","type":"post","link":"https:\/\/obsoleta.com.ar\/textos\/video\/y-ahora-que\/","title":{"rendered":"\u00bfY ahora qu\u00e9?"},"content":{"rendered":"\n<p>En esta nueva entrada del blog intentaremos preguntarnos sobre las posibilidades de la digitalizaci\u00f3n y sus consecuencias materiales. El reciclaje de los viejos aparatos y los posibles dise\u00f1os de redes inform\u00e1ticas y de las otras.<\/p>\n\n\n\n<ul class=\"wp-block-list\"><li>PUNTOS DE ACCESO<br \/><em>\u00bfPor qu\u00e9 alguien querr\u00eda ir a un cine hoy? <\/em><br \/>Anotaciones: Para ver una pel\u00edcula que no puedo ver de otra manera, para ver una pel\u00edcula en el contexto de un ciclo, para ver una pel\u00edcula con otras personas que puedan intercambiar informaci\u00f3n sobre eso que vimos juntos. Ir tambi\u00e9n a una sala de cine a ver un recital de m\u00fasica, con la excusa de la musicalizaci\u00f3n de una pel\u00edcula en vivo; sigo a una banda de m\u00fasica y esta banda musicaliza unas pel\u00edculas. Ir al cine porque all\u00ed hay ademas un archivo y puedo acceder a otra informaci\u00f3n&#8230; (ah!) una especie de cinemateca virtual. Pero eso ya est\u00e1 en internet. Pero por ah\u00ed no en la internet que yo tengo. Entonces, tambi\u00e9n podr\u00eda ir al cine si en el cine hay muy buena conectividad. Ir\u00eda al cine si el cine fuese un punto de acceso. \u00bfUn punto de acceso a internet? Pero ya hay internet comercial que ofrece planes econ\u00f3micos para acceder a algunos servicios puntuales (a los que generalizamos a veces con el nombre internet) como youtube, whatsapp o twitter. <br \/>Hay entonces que ofrecer un acceso a internet de banda ancha de calidad para todos los otros sitios que no est\u00e1n promocionados por las compa\u00f1\u00edas telef\u00f3nicas. Como son las redes de las Universidades y las bibliotecas p\u00fablicas por ejemplo.<br \/>Y adem\u00e1s, ir al cine para acceder a contenidos exclusivos. Ir al cine con tu dispositivo porque all\u00ed se puede acceder de manera r\u00e1pida y transparente al datacenter de la Cinemateca a todos sus materiales digitalizados y a pel\u00edculas, entrevistas y series de la historia del cine argentino, revistas, guiones, dise\u00f1os, bocetos, audios.  <br \/>El cine como PUNTO DE ACCESO al cine.<br \/><\/li><\/ul>\n\n\n\n<ul class=\"wp-block-list\"><li>UNA RED DE SALAS Y ARCHIVOS<br \/>Cada Sala de Cine estar\u00eda entonces conectada a una Red de datos dedicada y exclusiva (una intranet) que las vincule de manera r\u00e1pida y transparente al data-center de la Cinemateca y que a su vez las relacione entre si. Una red mesh de Salas, un dispositivo de consulta descentralizado con 60 nodos, cada uno un peque\u00f1o data-center que contenga y comparta su parte <em>local<\/em> del archivo. <br \/>En Argentina <em>preservar es difundir<\/em> y as\u00ed cada Sala podr\u00eda proyectar ciclos con las pel\u00edculas de otras salas, pudiendo programar en tiempo real una proyecci\u00f3n en cualquiera de los nodos. El archivo de cada una de las Salas estar\u00eda disponible para todas las dem\u00e1s y como la programaci\u00f3n se hace con uno o dos meses de anticipaci\u00f3n por cuestiones de publicidad durante la noche podr\u00edan los servidores ponerse de acuerdo en la copia del material necesario para cada Sala en cada semana. Algo que ya se hace habitualmente en cualquier tr\u00e1nsito de materiales entre cabeceras (en televisi\u00f3n por ejemplo).<br \/><\/li><\/ul>\n\n\n\n<ul class=\"wp-block-list\"><li>FESTIVALES DE CINE INDEPENDIENTE LOCALES<br \/>Quienes programan los Festivales de Cine Independiente en cada localidad tienen a su vez un archivo hist\u00f3rico de cortos y largometrajes ganadores. Esta selecci\u00f3n es una definici\u00f3n <em>per se<\/em> de valoraci\u00f3n entre pares. Cuando nos preguntamos \u00bfQue guardar en los datacenter de cada Sala? Aqu\u00ed hay una posible respuesta: Aquellos audiovisuales que han sido premiados y valorados por su comunidad. Ese trabajo ya lo est\u00e1n haciendo los Festivales hace mas de diez a\u00f1os, buscando, programando y exhibiendo las pel\u00edculas propias, nacionales e internacionales que consideran relevantes.  <br \/>Si los Programadores de los Festivales programan todo el a\u00f1o sus Salas con la ayuda de una comunicaci\u00f3n en Red con el resto de los festivales, no solamente una comunicaci\u00f3n interpersonal sino tambi\u00e9n una comunicaci\u00f3n que les permita compartir dentro de una Red interna y exclusiva las pel\u00edculas, los cortometrajes, las animaciones, los documentales, las series de televisi\u00f3n, los peque\u00f1os formatos de video en internet, los registros de los recitales y conciertos, las charlas y las conferencias entre s\u00ed para potenciarse.<\/li><\/ul>\n\n\n\n<ul class=\"wp-block-list\"><li>EN VIVO Y DIRECTO<br \/>Un dise\u00f1o de Salas interconectadas con una red exclusiva y que comparten servidores en tiempo real tambi\u00e9n podr\u00eda sincronizar la difusi\u00f3n de eventos a escala regional, nacional o por intereses en com\u00fan. De esta manera, no solamente un programador de una Sala en Ober\u00e1 podr\u00eda programar una charla a cineastas locales que ocurri\u00f3 durante un festival en una sala en Cipolletti tom\u00e1ndola de la Red de Archivos, sino que tambi\u00e9n podr\u00edan sincronizar la programaci\u00f3n conjunta y en simult\u00e1neo de un evento relevante para ambas comunidades: Una banda de Comodoro Rivadavia que musicaliza una pel\u00edcula muda en los recitales del FestiFreak de la Ciudad de La Plata podr\u00eda verse tambi\u00e9n en Santa Rosa y en Tucum\u00e1n como una programaci\u00f3n del d\u00eda en directo para sus seguidores. <br \/>La posibilidad de equipar cada Sala con un peque\u00f1o centro de streaming potencia el uso en conjunto donde una charlas con directores en Tandil o de te\u00f3ricos locales de Santa Fe puede ser incluso compartida abriendo canales de ida y vuelta en tiempo real con Tierra del Fuego o Rio Grande para preguntas del p\u00fablico. <\/li><\/ul>\n\n\n\n<p>Actualmente -Enero 2020-, ya existe una Red de Fibra \u00d3ptica Federal y ya funcionan m\u00e1s de 60 Salas EspacioINCAA (Cinear.Salas) en todo el pa\u00eds. Ya existen tambi\u00e9n los Festivales de Cine Independiente hace m\u00e1s de 10 a\u00f1os. Las nuevas se\u00f1ales de Televisi\u00f3n P\u00fablica locales (tanto provinciales como Universitarias dependiendo el caso) ya est\u00e1n en vinculaci\u00f3n con las Salas EspacioINCAA y con los Festivales de Cine locales. Y todos ellos juntos, sumando a los Museos Provinciales tienen una nueva inquietud que es la creaci\u00f3n de sus Archivos Audiovisuales: \u00bfD\u00f3nde y C\u00f3mo guardar, catalogar y acceder a nuestra memoria digital?. <\/p>\n\n\n\n<p>Esta RED CINETECA, estos Peque\u00f1os Archivos Audiovisuales Interconectados son una posible soluci\u00f3n. Una manera en que de forma colaborativa los municipios, la provincia y la naci\u00f3n puedan interactuar para asegurar la preservaci\u00f3n y difusi\u00f3n de estos nuevos bienes culturales que son los archivos audiovisuales digitales.<\/p>\n\n\n\n<p><\/p>\n\n\n\n<p>La seguimos luego por que ahora me tengo que ir.<br \/>Saludos desde las orillas.<br \/>Germ\u00e1n:)<\/p>\n","protected":false},"excerpt":{"rendered":"<p>En Argentina preservar es difundir.<\/p>\n","protected":false},"author":1,"featured_media":920,"comment_status":"closed","ping_status":"open","sticky":false,"template":"","format":"aside","meta":{"footnotes":""},"categories":[190],"tags":[386],"class_list":["post-913","post","type-post","status-publish","format-aside","has-post-thumbnail","hentry","category-video","tag-refefo","post_format-post-format-aside","entry"],"_links":{"self":[{"href":"https:\/\/obsoleta.com.ar\/textos\/wp-json\/wp\/v2\/posts\/913","targetHints":{"allow":["GET"]}}],"collection":[{"href":"https:\/\/obsoleta.com.ar\/textos\/wp-json\/wp\/v2\/posts"}],"about":[{"href":"https:\/\/obsoleta.com.ar\/textos\/wp-json\/wp\/v2\/types\/post"}],"author":[{"embeddable":true,"href":"https:\/\/obsoleta.com.ar\/textos\/wp-json\/wp\/v2\/users\/1"}],"replies":[{"embeddable":true,"href":"https:\/\/obsoleta.com.ar\/textos\/wp-json\/wp\/v2\/comments?post=913"}],"version-history":[{"count":1,"href":"https:\/\/obsoleta.com.ar\/textos\/wp-json\/wp\/v2\/posts\/913\/revisions"}],"predecessor-version":[{"id":1414,"href":"https:\/\/obsoleta.com.ar\/textos\/wp-json\/wp\/v2\/posts\/913\/revisions\/1414"}],"wp:featuredmedia":[{"embeddable":true,"href":"https:\/\/obsoleta.com.ar\/textos\/wp-json\/"}],"wp:attachment":[{"href":"https:\/\/obsoleta.com.ar\/textos\/wp-json\/wp\/v2\/media?parent=913"}],"wp:term":[{"taxonomy":"category","embeddable":true,"href":"https:\/\/obsoleta.com.ar\/textos\/wp-json\/wp\/v2\/categories?post=913"},{"taxonomy":"post_tag","embeddable":true,"href":"https:\/\/obsoleta.com.ar\/textos\/wp-json\/wp\/v2\/tags?post=913"}],"curies":[{"name":"wp","href":"https:\/\/api.w.org\/{rel}","templated":true}]}}