{"id":884,"date":"2019-09-05T16:52:03","date_gmt":"2019-09-05T19:52:03","guid":{"rendered":"http:\/\/camaradetubo.com\/?p=884"},"modified":"2024-03-03T21:25:34","modified_gmt":"2024-03-04T00:25:34","slug":"cuatro-vhs","status":"publish","type":"post","link":"https:\/\/obsoleta.com.ar\/textos\/vhs\/cuatro-vhs\/","title":{"rendered":"Cuatro VHS"},"content":{"rendered":"\n<p>Durante el mes de agosto de 2019 program\u00e9 los Viernes a las 18hs en el Museo del Cine Pablo Ducr\u00f3s Hicken un miniciclo de cuatro pel\u00edculas  en torno al Sistema de Video Hogare\u00f1o VHS.<\/p>\n\n\n\n<p>Comenzamos con <em>Policompa\u00f1eros Motorizados La saga completa en VHSRip<\/em> seg\u00fan un video de compilaci\u00f3n que la misma gente de Tangram realiz\u00f3 bajando todos sus cap\u00edtulos web de Youtube y copi\u00e1ndolos a un casete VHS. Pueden ver el resultado en <a href=\"http:\/\/youtube.com\/watch?v=mZgHWBi1pT8\">youtube.com\/watch?v=mZgHWBi1pT8<\/a><\/p>\n\n\n\n<figure class=\"wp-block-image size-large\"><img decoding=\"async\" src=\"https:\/\/obsoletx.files.wordpress.com\/2019\/09\/mdc_flyer-2_-01.jpg?w=900\" alt=\"\" class=\"wp-image-885\" \/><figcaption><em>Policompa\u00f1eros Motorizados<\/em> (Cristian Ponce y Hern\u00e1n Bengoa, 2013)<\/figcaption><\/figure>\n\n\n\n<div class=\"wp-block-group\"><div class=\"wp-block-group__inner-container is-layout-flow wp-block-group-is-layout-flow\">\n<p style=\"text-align:left;\"><em>Policompa\u00f1eros <\/em>fue una exitosa serie web emitida a trav\u00e9s de Youtube entre agosto y diciembre de 2013. En ella Casper Uncal y Jorge Pinarello llevan a la pantalla del tel\u00e9fono celular una despareja de polic\u00edas en su puesto de guardia. El autom\u00f3vil sirve de escenograf\u00eda perfecta haciendo las veces de sill\u00f3n de <em>sitcom<\/em> donde transcurre la acci\u00f3n. La entrega por episodios y el formato apaisado en fullHD 16:9 le agregan contexto a la escena: autos en el fondo, veredas e informaci\u00f3n en profundidad de campo. Bajar todos los cap\u00edtulos a un VHS fue un gesto determinante para emparentar Youtube al registro de la televisi\u00f3n revisado en ese formato. La compilaci\u00f3n VHSRip de Policompa\u00f1eros parece el registro de una transmisi\u00f3n televisiva defectuosa capturada del flujo de la televisi\u00f3n por cable. Solamente queda una huella altamente digital de la era post-anal\u00f3gica en todo este proceso: las nuevas generaciones desconocen los est\u00e1ndares t\u00e9cnicos del video anal\u00f3gico y en su transferencia no fue re-encuadrado a 4:3. Luego, al volver el VHS a digital para subirlo nuevamente a Youtube no se desentrelaz\u00f3 el video anal\u00f3gico agregando los errores t\u00edpicos de una mala digitalizaci\u00f3n. <\/p>\n\n\n\n<p>Como resultado de esta primera proyecci\u00f3n del ciclo pudimos recuperar una experiencia que nace de la visi\u00f3n de archivo televisivo reflotado por el cable o guardado en viejos VHS, que es repuesta en tono de parodia para las primeras versiones de Youtube como nuevo medio y que emparenta al formato VHS con Youtube en el sentido que ambos (uno en los noventa, el otro en los 2010) se convirtieron en reservorios de nuestras im\u00e1genes grabadas de la televisi\u00f3n y de las grabaciones hogare\u00f1as de acontecimientos familiares.<\/p>\n\n\n\n<p>La primera de las presentaciones puede verse aqu\u00ed: <a href=\"https:\/\/www.youtube.com\/watch?v=_ody7WeAUHM\">https:\/\/www.youtube.com\/watch?v=_ody7WeAUHM<\/a><\/p>\n<\/div><\/div>\n\n\n\n<figure class=\"wp-block-image size-large\"><img decoding=\"async\" src=\"https:\/\/obsoletx.files.wordpress.com\/2019\/09\/mdc_flyer-2_-02.jpg?w=900\" alt=\"\" class=\"wp-image-889\" \/><figcaption><em>Plaga Zombie<\/em> (Farsa Producciones, 1997)<\/figcaption><\/figure>\n\n\n\n<p>En Plaga Zombie el video hogare\u00f1o responde a las pr\u00e1cticas de un grupo de adolescentes del conurbano oeste que experimentaron dentro de sus casas una forma de cine amateur propio y que por sus resultados lograron adem\u00e1s trascender y convertirse en exitosos representantes del g\u00e9nero. Los tard\u00edos noventa en el Gran Buenos Aires nos encontraban con un d\u00f3lar ficticiamente empatado a un peso que posibilitaba la importaci\u00f3n de electrodom\u00e9sticos a la clase media, entre ellos la videoc\u00e1mara. A la primera revoluci\u00f3n del VHS de finales de los ochenta y principios de los noventa con su posibilidad de grabar y atesorar momentos de la televisi\u00f3n de aire y de cable y su habilidad para acceder nuevamente a cl\u00e1sicos del cine (incluso de clase B, gore o de culto) a trav\u00e9s de los Video Club y de la copia de copia pasada de mano en mano; le sucede una segunda revoluci\u00f3n videogr\u00e1fica: la de las c\u00e1maras de video hogare\u00f1o que posibilitaron la grabaci\u00f3n casera de eventos relevantes y la proliferaci\u00f3n de peque\u00f1as productoras de videos sociales (llamadas \u00ab<em>socialeros<\/em>\u00ab). Hijos absolutos del video hogare\u00f1o, Farsa ten\u00eda la amalgama perfecta entre la posibilidad de ver pel\u00edculas de bajo presupuesto copiadas en VHS y la de producir sus primeras experiencias sin salir de la casa de sus padres. Disfrazando a los vecinos del barrio y a sus hermanitos mas peque\u00f1os de muertos vivos que parecen estar al acecho,   tener su propia vida y hasta querer comunicarse. Plaga Zombie se convierte en la s\u00edntesis narrativa del<em> menemismo <\/em>visto desde un grupo de adolescentes que debe afrontar sus cambios corporales con la paranoica clase media enrejada en sus miedos a esos otros empobrecidos que dejaba la crisis social en las m\u00e1rgenes del segundo cord\u00f3n.   <\/p>\n\n\n\n<p>Pueden ver la presentaci\u00f3n de la segunda fecha del ciclo en:  <a href=\"https:\/\/www.youtube.com\/watch?v=ySBPoP6mSQI\">https:\/\/www.youtube.com\/watch?v=ySBPoP6mSQI<\/a> y la pel\u00edcula completa en su versi\u00f3n original digitalizada de los primeros VHS <a href=\"https:\/\/www.youtube.com\/watch?v=vTKi_OcvwY4\">https:\/\/www.youtube.com\/watch?v=vTKi_OcvwY4<\/a> <\/p>\n\n\n\n<figure class=\"wp-block-image size-large\"><img decoding=\"async\" src=\"https:\/\/obsoletx.files.wordpress.com\/2019\/09\/mdc_flyer-hamlet_-02.jpg?w=900\" alt=\"\" class=\"wp-image-892\" \/><figcaption>HAMLET FINGE (Vallina y Gonz\u00e1lez, 1999)<\/figcaption><\/figure>\n\n\n\n<p>Carlos Vallina es qui\u00e9n sostuvo durante a\u00f1os un Taller de Realizaci\u00f3n Audiovisual en la ciudad de La Plata para pedir por la re-apertura de la Carrera de Cine de la Facultad de Artes de la UNLP; que hab\u00eda sido cerrada por la dictadura, vaciados sus edificios, destruidos sus equipos, perdido sus archivos y perseguidos sus docentes y alumnos.<\/p>\n\n\n\n<p>Un grupo importante de personas que luego formar\u00edan parte de una nueva generaci\u00f3n de artistas de la ciudad participaron en esta experiencia \u00fanica  de rodaje de un film: <em>Hamlet<\/em>. El castillo de Elsinor no era otro que el mamotreto inmenso de hormig\u00f3n a medio construir del Teatro Argentino de La Plata; otra cicatriz que la dictadura tambi\u00e9n hab\u00eda dejado al no decidir la  reconstrucci\u00f3n del teatro original luego de su parcial incendio.<\/p>\n\n\n\n<p>Y tambi\u00e9n la elecci\u00f3n de un formato, el VHS como posible. Grabar en VHS un Hamlet platense para un grupo de j\u00f3venes entusiasmados con la idea de re-abrir una carrera de artes audiovisuales para su ciudad. Era el a\u00f1o 1991 y este rodaje fue un momento de fundaci\u00f3n que actualmente es retratado por Gustavo Alonso en su documental <em>Volver a Hamlet, Siempre<\/em> (2019) .<\/p>\n\n\n\n<p>El Video Home System aqu\u00ed no es de casa familiar, sino de tribu, comunidad, grupo de pertenencia. <em>Home como hogar de muchas personas bajo un mismo techo <\/em>que se sienten perteneciente, se quieren y se cuidan: aqu\u00ed la comunidad audiovisual platense que ven\u00eda de ser perseguida, secuestrada, asesinada.<\/p>\n\n\n\n<p><em>Hamlet Finge <\/em>adem\u00e1s tard\u00f3 8 a\u00f1os en encontrar su forma final. Fue mutando en borradores que sumaron capaz de ideas y proyectos inconclusos hasta que luego de cumplir su objetivo en 1993 al abrirse la Carrera de Comunicaci\u00f3n Audiovisual de la Facultad de Bellas Artes de la Universidad encontrar nuevos participantes. Nuevas miradas de nuevos docentes de la carrera, nuevas miradas de nuevos alumnos de la carrera y nuevas tecnolog\u00edas h\u00edbridas que otorgan aire fresco al proyecto. Hamlet es editado finalmente de los master en VHS en una peque\u00f1a computadora hogare\u00f1a con capacidad para edici\u00f3n digital de unos j\u00f3venes alumnos avanzados de la carrera a fines de 1999.<\/p>\n\n\n\n<p>El tercer episodio del ciclo cont\u00f3 con la presencia de su realizador, su hija actriz (Ofelia en la pel\u00edcula) y participantes del Taller por la re-apertura de la carrera de cine de La Plata. Pueden ver la presentaci\u00f3n siguiendo este link:  <a href=\"https:\/\/www.youtube.com\/watch?v=WoLTFSqfkV4\">https:\/\/www.youtube.com\/watch?v=WoLTFSqfkV4<\/a><\/p>\n\n\n\n<figure class=\"wp-block-image size-large\"><img decoding=\"async\" src=\"https:\/\/obsoletx.files.wordpress.com\/2019\/09\/mdc_flyer-01.jpg?w=900\" alt=\"\" class=\"wp-image-896\" \/><figcaption>Segey (Pedro Barandiaran, 2018)<\/figcaption><\/figure>\n\n\n\n<p>Pedro experimenta con formatos de video obsoletos desde hace a\u00f1os. Ha trabajado en la industria audiovisual como editor. Tanto en documental como en televisi\u00f3n. Pero como realizador esta es su <em>opera prima<\/em>.<\/p>\n\n\n\n<p>En Segey el universo es denso e hiper-definido. Su protagonista perdi\u00f3 contacto con aquello que nosotros llamamos Hogar. Es la representaci\u00f3n de una persona en tr\u00e1nsito, un ap\u00e1trida o un <em>migrante<\/em>. Situaci\u00f3n que tambi\u00e9n se da intramuros en nuestras ciudades con los sin casa, sin techo o <em>homeless<\/em>. <\/p>\n\n\n\n<p>Por oposici\u00f3n el alta definici\u00f3n, estable, cinematogr\u00e1fica y distanciada es una construcci\u00f3n extremadamente realista del audiovisual. Lo opuesto al VHS y al streaming inicial de los servicios de video llamada popularizados por Skype.  <\/p>\n\n\n\n<p>Ahora, en el documental de Pedro Barandiaran hay una b\u00fasqueda por conectar a Segey con su familia y con su pasado y en ese trabajo se juega la narrativa y la est\u00e9tica de la pel\u00edcula. En este cuarto encuentro del Ciclo el VHS es una imagen mental, es el lugar de nuestra memoria all\u00ed donde nos hemos quedado, es nuestro <em>hogar interior<\/em>. El Sistema de Video Hogare\u00f1o nos devuelve ese mundo de sue\u00f1o donde nuestros muertos est\u00e1n a\u00fan vivos, donde nuestros paisajes son a\u00fan los de nuestra ni\u00f1ez, donde las m\u00fasicas y las palabras coinciden con el lugar donde queremos estar y a donde pertenecemos. VHS es familia, recuerdo y relicario, es una caja llena de fotos, es un \u00e1lbum: una casete.   <\/p>\n\n\n\n<p style=\"text-align:center;\">======================================================<br \/><em>Gracias a las personas del Museo del Cine y los realizadores de las pel\u00edculas que pusieron su tiempo y su cuerpo en apoyar este ciclo es que pudimos espiar por una hendija lo que es proyectar un formato original. \u00a1Viva el VHS!<\/em><\/p>\n\n\n\n<p style=\"text-align:right;\"><a href=\"https:\/\/www.youtube.com\/results?search_query=%23ViernesEnVHS\">#ViernesEnVHS<\/a> <strong>Equipo de Viernes de VHS<\/strong>: Programador: Germ\u00e1n Celestino y Monti \/\/ Prensa: Juan Francisco Gacit\u00faa, Pablo De Vita, Pamela V\u00e1zquez \/\/ Coordinaci\u00f3n de Programaci\u00f3n: Leandro Listorti, Sebasti\u00e1n Yabl\u00f3n \/\/ Responsable Sede: Federico Verde, Paz Hubacek, Gabriel Travaglini \/\/ Direcci\u00f3n: Paula Felix-Didier \/\/ Agosto 2019<\/p>\n","protected":false},"excerpt":{"rendered":"<p>Durante el mes de agosto de 2019 program\u00e9 un miniciclo de cuatro pel\u00edculas los Viernes a las 18hs en el Museo del Cine Pablo Ducr\u00f3s Hicken en torno al Sistema de Video Hogare\u00f1o VHS.<\/p>\n","protected":false},"author":1,"featured_media":900,"comment_status":"closed","ping_status":"open","sticky":false,"template":"","format":"aside","meta":{"footnotes":""},"categories":[189],"tags":[232,251,296,301,359,383,404,407,434,440,447],"class_list":["post-884","post","type-post","status-publish","format-aside","has-post-thumbnail","hentry","category-vhs","tag-barandiaran","tag-cine","tag-farsa","tag-formato-original","tag-museo-del-cine","tag-proyeccion","tag-streaming","tag-tangram","tag-vallina","tag-video","tag-youtube","post_format-post-format-aside","entry"],"_links":{"self":[{"href":"https:\/\/obsoleta.com.ar\/textos\/wp-json\/wp\/v2\/posts\/884","targetHints":{"allow":["GET"]}}],"collection":[{"href":"https:\/\/obsoleta.com.ar\/textos\/wp-json\/wp\/v2\/posts"}],"about":[{"href":"https:\/\/obsoleta.com.ar\/textos\/wp-json\/wp\/v2\/types\/post"}],"author":[{"embeddable":true,"href":"https:\/\/obsoleta.com.ar\/textos\/wp-json\/wp\/v2\/users\/1"}],"replies":[{"embeddable":true,"href":"https:\/\/obsoleta.com.ar\/textos\/wp-json\/wp\/v2\/comments?post=884"}],"version-history":[{"count":1,"href":"https:\/\/obsoleta.com.ar\/textos\/wp-json\/wp\/v2\/posts\/884\/revisions"}],"predecessor-version":[{"id":1415,"href":"https:\/\/obsoleta.com.ar\/textos\/wp-json\/wp\/v2\/posts\/884\/revisions\/1415"}],"wp:featuredmedia":[{"embeddable":true,"href":"https:\/\/obsoleta.com.ar\/textos\/wp-json\/"}],"wp:attachment":[{"href":"https:\/\/obsoleta.com.ar\/textos\/wp-json\/wp\/v2\/media?parent=884"}],"wp:term":[{"taxonomy":"category","embeddable":true,"href":"https:\/\/obsoleta.com.ar\/textos\/wp-json\/wp\/v2\/categories?post=884"},{"taxonomy":"post_tag","embeddable":true,"href":"https:\/\/obsoleta.com.ar\/textos\/wp-json\/wp\/v2\/tags?post=884"}],"curies":[{"name":"wp","href":"https:\/\/api.w.org\/{rel}","templated":true}]}}