{"id":785,"date":"2018-06-22T16:41:23","date_gmt":"2018-06-22T19:41:23","guid":{"rendered":"http:\/\/camaradetubo.com\/?p=785"},"modified":"2024-03-03T21:25:37","modified_gmt":"2024-03-04T00:25:37","slug":"fondo-ana-amado","status":"publish","type":"post","link":"https:\/\/obsoleta.com.ar\/textos\/video\/fondo-ana-amado\/","title":{"rendered":"Fondo Ana Amado"},"content":{"rendered":"<p style=\"text-align:justify;\">Hace aproximadamente un a\u00f1o Hayrabet Alacahan (Director de Cinemateca Vida y encargado de la videoteca del Museo del Cine Pablo Hicken Ducr\u00f3s) nos avis\u00f3 que el nuevo due\u00f1o de la casa que hab\u00edan habitado Ana Amado y Nicol\u00e1s Casullo tantos a\u00f1os no sab\u00eda que hacer con unas bolsas llenas de cassettes VHS de la videoteca privada de la pareja.<\/p>\n<p><img loading=\"lazy\" decoding=\"async\" class=\"alignnone size-full wp-image-786\" src=\"https:\/\/obsoletx.files.wordpress.com\/2018\/06\/fondo_anaamado.png\" alt=\"fondo_anaamado\" width=\"1820\" height=\"1060\" \/><\/p>\n<p style=\"text-align:justify;\">La menci\u00f3n era pr\u00e1cticamente una orden, as\u00ed que el viernes 12 de Mayo de 2017 fuimos en el auto junto con Eva y Paola Mattos\u00a0 a buscar los casetes. Resultaron ser unos cuantos m\u00e1s de los que hab\u00edamos pensado y r\u00e1pidamente ten\u00edamos el auto lleno de bolsas con lo que qued\u00f3 de la videoteca que hab\u00eda sido parte del trabajo de la pareja de profesores.<\/p>\n<p style=\"text-align:justify;\">La tarea fue entonces primero convocar a nuestro vecino Ruben (carpintero) para encargarle una nueva biblioteca donde dar espacio a la colecci\u00f3n. Luego de concretado su trabajo un mes despu\u00e9s, otra vecina Magdalena comenz\u00f3 con la tediosa tarea de volcar en un listado lo que dicen las etiquetas de los tapes y asignarle un nuevo n\u00famero de orden, guardando tambi\u00e9n referencia del n\u00famero que tra\u00edan algunos de los casettes (a veces m\u00e1s de uno).-<\/p>\n<p><img loading=\"lazy\" decoding=\"async\" class=\"alignnone size-full wp-image-787\" src=\"https:\/\/obsoletx.files.wordpress.com\/2018\/06\/img_20180423_155531.jpg\" alt=\"img_20180423_155531\" width=\"1440\" height=\"2386\" \/><\/p>\n<p style=\"text-align:center;\"><em>As\u00ed se ve\u00eda la colecci\u00f3n a mitad del trabajo de catalogaci\u00f3n el 23 de abril.<\/em><\/p>\n<p style=\"text-align:justify;\">\u00bfQue nos interesa de esta <em>videoteca<\/em> parcial del matrimonio de investigadores y profesores Ana Amado y Nicol\u00e1s Casullo? Principalmente lo que aqu\u00ed logramos luego de un a\u00f1o de trabajo presentarles: El listado de los materiales con los que contaban para su trabajo, sus intereses y documentos audiovisuales a los que ten\u00edan acceso. Pensemos en un recorte <em>pre-internet<\/em> en el que cada uno de nosotros compilaba una porci\u00f3n de pel\u00edculas, programas de televisi\u00f3n, registros personales y regalos de amigos para su consulta y disfrute en casa.<\/p>\n<p><a href=\"https:\/\/obsoletx.files.wordpress.com\/2018\/06\/catalogo__fondo_vhs_ana_amado.pdf\"><img loading=\"lazy\" decoding=\"async\" class=\"  wp-image-791 alignleft\" src=\"https:\/\/obsoletx.files.wordpress.com\/2018\/06\/application-pdf.png\" alt=\"Listado Fondo Ana Amado\" width=\"153\" height=\"205\" \/><\/a><\/p>\n<p style=\"text-align:justify;\">Ahora, cuando la mayor\u00eda de los materiales mencionados est\u00e1n en youtube, vimeo o archive.org; incluso ahora en mejor calidad que la de una copia VHS; lo importante no es el documento en s\u00ed, sino el conocimiento de los materiales con los que contaban los investigadores y su orden cronol\u00f3gico.<\/p>\n<p style=\"text-align:justify;\">Cualquier pregunta o consulta sobre esta colecci\u00f3n pueden hacerla a trav\u00e9s de los comentarios.\u00a0 A\u00fan nos falta revisar los casetes que no tienen descripci\u00f3n en la etiqueta y algunos de los que no es legible su descripci\u00f3n.<\/p>\n<p>\u00a0<\/p>\n<p>Les estamos muy agradecidos a<em> Hayra<\/em> por el contacto y por pensar en @camaradetubo para guardar esta colecci\u00f3n.<\/p>\n<p>Abrazo grande \ud83d\ude00<br \/>\nGerm\u00e1n:)<\/p>\n<p>\u00a0<\/p>\n","protected":false},"excerpt":{"rendered":"<p>Hace aproximadamente un a\u00f1o Hayrabet Alacahan (Director de Cinemateca Vida y encargado de la videoteca del Museo del Cine Pablo Hicken Ducr\u00f3s) nos avis\u00f3 que el nuevo due\u00f1o de la casa que hab\u00edan habitado Ana Amado y Nicol\u00e1s Casullo tantos a\u00f1os no sab\u00eda que hacer con unas bolsas llenas de cassettes VHS de la videoteca &hellip; <\/p>\n<p class=\"link-more\"><a href=\"https:\/\/obsoleta.com.ar\/textos\/video\/fondo-ana-amado\/\" class=\"more-link\">Seguir leyendo<span class=\"screen-reader-text\"> \u00abFondo Ana Amado\u00bb<\/span><\/a><\/p>\n","protected":false},"author":1,"featured_media":787,"comment_status":"closed","ping_status":"open","sticky":false,"template":"","format":"aside","meta":{"footnotes":""},"categories":[190],"tags":[],"class_list":["post-785","post","type-post","status-publish","format-aside","has-post-thumbnail","hentry","category-video","post_format-post-format-aside","entry"],"_links":{"self":[{"href":"https:\/\/obsoleta.com.ar\/textos\/wp-json\/wp\/v2\/posts\/785","targetHints":{"allow":["GET"]}}],"collection":[{"href":"https:\/\/obsoleta.com.ar\/textos\/wp-json\/wp\/v2\/posts"}],"about":[{"href":"https:\/\/obsoleta.com.ar\/textos\/wp-json\/wp\/v2\/types\/post"}],"author":[{"embeddable":true,"href":"https:\/\/obsoleta.com.ar\/textos\/wp-json\/wp\/v2\/users\/1"}],"replies":[{"embeddable":true,"href":"https:\/\/obsoleta.com.ar\/textos\/wp-json\/wp\/v2\/comments?post=785"}],"version-history":[{"count":1,"href":"https:\/\/obsoleta.com.ar\/textos\/wp-json\/wp\/v2\/posts\/785\/revisions"}],"predecessor-version":[{"id":1422,"href":"https:\/\/obsoleta.com.ar\/textos\/wp-json\/wp\/v2\/posts\/785\/revisions\/1422"}],"wp:featuredmedia":[{"embeddable":true,"href":"https:\/\/obsoleta.com.ar\/textos\/wp-json\/"}],"wp:attachment":[{"href":"https:\/\/obsoleta.com.ar\/textos\/wp-json\/wp\/v2\/media?parent=785"}],"wp:term":[{"taxonomy":"category","embeddable":true,"href":"https:\/\/obsoleta.com.ar\/textos\/wp-json\/wp\/v2\/categories?post=785"},{"taxonomy":"post_tag","embeddable":true,"href":"https:\/\/obsoleta.com.ar\/textos\/wp-json\/wp\/v2\/tags?post=785"}],"curies":[{"name":"wp","href":"https:\/\/api.w.org\/{rel}","templated":true}]}}