{"id":721,"date":"2018-03-14T14:19:47","date_gmt":"2018-03-14T17:19:47","guid":{"rendered":"https:\/\/obsoletx.wordpress.com\/?p=721"},"modified":"2024-03-03T21:25:38","modified_gmt":"2024-03-04T00:25:38","slug":"la-telenovela-de-la-tarde","status":"publish","type":"post","link":"https:\/\/obsoleta.com.ar\/textos\/video\/la-telenovela-de-la-tarde\/","title":{"rendered":"La telenovela de la tarde"},"content":{"rendered":"<p>A ra\u00edz de esta foto de <em>mi abuela Sara Frascara debajo de un piano de cola con dos se\u00f1ores intentando sacarla como a un bicho<\/em> que publiqu\u00e9 hoy en <a href=\"https:\/\/www.instagram.com\/camaradetubo\/\" target=\"_blank\" rel=\"noopener\">instagrama<\/a> me puse a boludear con el tel\u00e9fono buscando informaci\u00f3n sobre el programa <strong>\u00abCartel Sonoro\u00bb<\/strong>; espec\u00edficamente sobre la Radio en la que se emit\u00eda -ya que la hab\u00eda atribuido a Radio Belgrano pero no se si el programa no sal\u00eda por Splendid al principio \u00ab\/<\/p>\n<p><img loading=\"lazy\" decoding=\"async\" class=\"alignnone size-full wp-image-723\" src=\"https:\/\/obsoletx.files.wordpress.com\/2018\/03\/staff1.jpg\" alt=\"STAFF1\" width=\"1495\" height=\"896\" srcset=\"https:\/\/obsoleta.com.ar\/textos\/wp-content\/uploads\/2018\/03\/staff1.jpg 1495w, https:\/\/obsoleta.com.ar\/textos\/wp-content\/uploads\/2018\/03\/staff1-300x180.jpg 300w, https:\/\/obsoleta.com.ar\/textos\/wp-content\/uploads\/2018\/03\/staff1-1024x614.jpg 1024w, https:\/\/obsoleta.com.ar\/textos\/wp-content\/uploads\/2018\/03\/staff1-768x460.jpg 768w\" sizes=\"auto, (max-width: 1495px) 100vw, 1495px\" \/><\/p>\n<p>El programa es mencionado, entre otras cosas, porque fue un \u00e9xito y porque all\u00ed tambi\u00e9n trabajaba su hermano <em>F\u00e9lix Daniel<\/em> quien luego tuvo una prol\u00edfica carrera como periodista deportivo en El Gr\u00e1fico. (!)<\/p>\n<p>Lo que m\u00e1s me interes\u00f3 fue la figura de su guionista: <strong>Silvia Guerrico<\/strong>. Uruguaya como mi bisabuela Amelia Monti, fue una precursora del programa pol\u00edtico femenino en radio. Seg\u00fan dos libros en ingl\u00e9s que se pueden leer <a href=\"https:\/\/books.google.com.ar\/books?id=xDIZCgAAQBAJ&amp;lpg=PA59&amp;dq=cartel%20sonoro%20radio%20elmundo&amp;pg=PA59#v=onepage&amp;q=cartel%20sonoro%20radio%20elmundo&amp;f=false\" target=\"_blank\" rel=\"noopener\">ac\u00e1<\/a>\u00a0 y <a href=\"https:\/\/books.google.com.ar\/books?id=UCbeD5RvI_0C&amp;lpg=PA78&amp;ots=Nr-2iqkltN&amp;dq=cartel%20sonoro%20guerrico&amp;pg=PA77#v=onepage&amp;q=cartel%20sonoro%20guerrico&amp;f=false\" target=\"_blank\" rel=\"noopener\">ac\u00e1<\/a> sus programas tuvieron creciente audiencia hablando desde el punto de vista de la voz femenina hasta que realiz\u00f3 una entrevista a un actor mexicano y puso de manifiesto como el tipo las calentaba a ella y a su audiencia trat\u00e1ndolo como a un <em>hombre-objeto.<\/em> Lo que sirvi\u00f3 de <em>chivo-expiatorio<\/em> para la incorporaci\u00f3n de censuras y controles a la radiodifusi\u00f3n de mediados de la d\u00e9cada de 1930 <em>(la infame).<\/em><\/p>\n<figure id=\"attachment_724\" aria-describedby=\"caption-attachment-724\" style=\"width: 1174px\" class=\"wp-caption alignnone\"><img loading=\"lazy\" decoding=\"async\" class=\"alignnone size-full wp-image-724\" src=\"https:\/\/obsoletx.files.wordpress.com\/2018\/03\/guerrico_affaire.png\" alt=\"Guerrico Affaire\" width=\"1174\" height=\"732\" srcset=\"https:\/\/obsoleta.com.ar\/textos\/wp-content\/uploads\/2018\/03\/guerrico_affaire.png 1174w, https:\/\/obsoleta.com.ar\/textos\/wp-content\/uploads\/2018\/03\/guerrico_affaire-300x187.png 300w, https:\/\/obsoleta.com.ar\/textos\/wp-content\/uploads\/2018\/03\/guerrico_affaire-1024x638.png 1024w, https:\/\/obsoleta.com.ar\/textos\/wp-content\/uploads\/2018\/03\/guerrico_affaire-768x479.png 768w\" sizes=\"auto, (max-width: 1174px) 100vw, 1174px\" \/><figcaption id=\"caption-attachment-724\" class=\"wp-caption-text\"><a href=\"https:\/\/books.google.com.ar\/books?id=UCbeD5RvI_0C&amp;lpg=PA78&amp;ots=Nr-2iqkltN&amp;dq=cartel%20sonoro%20guerrico&amp;pg=PA78#v=onepage&amp;q&amp;f=false\"> Sound in the Age of Mechanical<\/a> (<span dir=\"ltr\">David Suisman<\/span>, <span dir=\"ltr\">Susan Strasser<\/span><br \/><span dir=\"ltr\">University of Pennsylvania Press<\/span>, <span dir=\"ltr\">Oct 11, 2011<\/span>)<\/figcaption><\/figure>\n<p>&nbsp;<\/p>\n<p>Leyendo sobre la telenovela y el rol de las mujeres en la Radiodifusi\u00f3n como propaladoras de una voz propia y emancipada. Pensando a contramano de los textos ostensiblemente <em>gorilas<\/em> que intentan poner a una u otra de un lado u otro del peronismo. Pensando escrib\u00eda en que ese espacio radial femenino haya posibilitado la existencia de Eva y del movimiento femenino peronista, del voto femenino, etc. Recordaba las incursiones de estos d\u00edas en la Telenovela de la tarde actual, devenida tambi\u00e9n en programa radiof\u00f3nico por la falta de presupuesto donde unas nuevas Srta. Bimbo y Conurbana entre otras ponen la voz femenina en los programas <em>para la mujer<\/em> y como esos programas de la tarde son los que hist\u00f3ricamente han sido (por relegados del prime-time) el horario de hablar del aborto, de la solidaridad, pero tambi\u00e9n de las peleas de chicas, de los abandonos y los maltratos, de los golpes y las fuerza para defenderse entre todas.<\/p>\n<p>\u00bf<em>Quien ser\u00e1 la audiencia que est\u00e9 escuchando estos nuevos programas de radio por televisi\u00f3n de mujeres empoderadas? \u00bfQuienes ser\u00e1n las nuevas que tomar\u00e1n la palabra como lo hacen aquellas que ven por la televisi\u00f3n? \u00bfQuienes las que vuelvan a escribir novelas para la tarde, para llorar y seguir entre todas?<\/em><\/p>\n<p>&nbsp;<\/p>\n<p>continuar\u00e1 &#8230;<\/p>\n<p>&nbsp;<\/p>\n","protected":false},"excerpt":{"rendered":"<p>A ra\u00edz de esta foto de mi abuela Sara Frascara debajo de un piano de cola con dos se\u00f1ores intentando sacarla como a un bicho que publiqu\u00e9 hoy en instagrama me puse a boludear con el tel\u00e9fono buscando informaci\u00f3n sobre el programa \u00abCartel Sonoro\u00bb; espec\u00edficamente sobre la Radio en la que se emit\u00eda -ya que &hellip; <\/p>\n<p class=\"link-more\"><a href=\"https:\/\/obsoleta.com.ar\/textos\/video\/la-telenovela-de-la-tarde\/\" class=\"more-link\">Seguir leyendo<span class=\"screen-reader-text\"> \u00abLa telenovela de la tarde\u00bb<\/span><\/a><\/p>\n","protected":false},"author":1,"featured_media":722,"comment_status":"closed","ping_status":"open","sticky":false,"template":"","format":"aside","meta":{"footnotes":""},"categories":[190],"tags":[],"class_list":["post-721","post","type-post","status-publish","format-aside","has-post-thumbnail","hentry","category-video","post_format-post-format-aside","entry"],"_links":{"self":[{"href":"https:\/\/obsoleta.com.ar\/textos\/wp-json\/wp\/v2\/posts\/721","targetHints":{"allow":["GET"]}}],"collection":[{"href":"https:\/\/obsoleta.com.ar\/textos\/wp-json\/wp\/v2\/posts"}],"about":[{"href":"https:\/\/obsoleta.com.ar\/textos\/wp-json\/wp\/v2\/types\/post"}],"author":[{"embeddable":true,"href":"https:\/\/obsoleta.com.ar\/textos\/wp-json\/wp\/v2\/users\/1"}],"replies":[{"embeddable":true,"href":"https:\/\/obsoleta.com.ar\/textos\/wp-json\/wp\/v2\/comments?post=721"}],"version-history":[{"count":1,"href":"https:\/\/obsoleta.com.ar\/textos\/wp-json\/wp\/v2\/posts\/721\/revisions"}],"predecessor-version":[{"id":1426,"href":"https:\/\/obsoleta.com.ar\/textos\/wp-json\/wp\/v2\/posts\/721\/revisions\/1426"}],"wp:featuredmedia":[{"embeddable":true,"href":"https:\/\/obsoleta.com.ar\/textos\/wp-json\/wp\/v2\/media\/722"}],"wp:attachment":[{"href":"https:\/\/obsoleta.com.ar\/textos\/wp-json\/wp\/v2\/media?parent=721"}],"wp:term":[{"taxonomy":"category","embeddable":true,"href":"https:\/\/obsoleta.com.ar\/textos\/wp-json\/wp\/v2\/categories?post=721"},{"taxonomy":"post_tag","embeddable":true,"href":"https:\/\/obsoleta.com.ar\/textos\/wp-json\/wp\/v2\/tags?post=721"}],"curies":[{"name":"wp","href":"https:\/\/api.w.org\/{rel}","templated":true}]}}