{"id":7,"date":"2014-01-27T16:48:00","date_gmt":"2014-01-27T16:48:00","guid":{"rendered":"http:\/\/obsoletx.wordpress.com\/2014\/01\/27\/hoy-lunes-27-de-enero-de-2014\/"},"modified":"2024-03-03T21:25:48","modified_gmt":"2024-03-04T00:25:48","slug":"hoy-lunes-27-de-enero-de-2014","status":"publish","type":"post","link":"https:\/\/obsoleta.com.ar\/textos\/deportv\/hoy-lunes-27-de-enero-de-2014\/","title":{"rendered":"Hoy, Lunes 27 de Enero de 2014"},"content":{"rendered":"<div dir=\"ltr\" style=\"text-align:left;\"><span style=\"color:#333333;\">Hoy, 27 de Enero de 2014, el Sistema de Circuito Cerrado de Televisi\u00f3n por Cable m\u00e1s grande de Argentina incorpora a su grilla b\u00e1sica algunas de las se\u00f1ales de los medios p\u00fablicos.<\/span><\/div>\n<div dir=\"ltr\" style=\"text-align:left;\">\n<table class=\"tr-caption-container\" style=\"margin-left:auto;margin-right:auto;text-align:center;\" cellspacing=\"0\" cellpadding=\"0\" align=\"center\">\n<tbody>\n<tr>\n<td style=\"text-align:center;\"><span style=\"color:#333333;\"><a style=\"margin-left:auto;margin-right:auto;\" href=\"http:\/\/obsoletx.files.wordpress.com\/2014\/01\/d3d00-cambiodegrilla.png\"><span style=\"color:#333333;\"><img loading=\"lazy\" decoding=\"async\" alt=\"\" src=\"http:\/\/obsoletx.files.wordpress.com\/2014\/01\/d3d00-cambiodegrilla.png\" width=\"520\" height=\"163\" border=\"0\" \/><\/span><\/a><\/span><\/td>\n<\/tr>\n<tr>\n<td class=\"tr-caption\" style=\"text-align:center;\"><span style=\"color:#333333;\">Portal\u00a0www.cablevisionfibertel.com.ar \u00a0[26 de Enero de 2014]<\/span><\/td>\n<\/tr>\n<\/tbody>\n<\/table>\n<div style=\"text-align:center;\"><span style=\"color:#333333;\">\u00a0<\/span><\/div>\n<div style=\"text-align:justify;\"><span style=\"color:#333333;\">\u00a0<\/span><\/div>\n<div style=\"text-align:justify;\"><span style=\"color:#333333;\">Pero, qu\u00e9 es el Servicio de Televisi\u00f3n P\u00fablica de la Argentina. Fruto de una extensa y rica discusi\u00f3n que incluye los textos sobre medios en Am\u00e9rica Latina de <a href=\"http:\/\/octaviogetinocine.blogspot.com.ar\/2012\/09\/entrevista-de-la-agencia-paco-urondo.html\" target=\"_blank\" rel=\"noopener\"><span style=\"color:#333333;\">Octavio Getino<\/span><\/a>, las experiencias televisivas del <a href=\"https:\/\/vimeo.com\/30544412\" target=\"_blank\" rel=\"noopener\"><span style=\"color:#333333;\">retorno a la democracia<\/span><\/a> en los canales estatales de los ochenta, los foros internacionales sobre televisi\u00f3n de calidad como <a href=\"http:\/\/www.pagina12.com.ar\/2001\/01-10\/01-10-26\/pag30.htm\" target=\"_blank\" rel=\"noopener\"><span style=\"color:#333333;\">INPUT (International Public Televisio\u0301n Screening)<\/span><\/a> a fines del siglo pasado, la experiencia de resistencia de los primeros a\u00f1os de la se\u00f1al <a href=\"https:\/\/vimeo.com\/29607068\" target=\"_blank\" rel=\"noopener\"><span style=\"color:#333333;\">Ciudad Abierta<\/span><\/a> (2003\/2007), el debate profundo sobre la Ley de Servicios de Comunicaci\u00f3n Audiovisual, los 1er. y <a href=\"http:\/\/comunicacion.sociales.uba.ar\/files\/2013\/06\/Programa-Segundo-Encuentro-Latinoamericano-de-TV-P%C3%BAblica-2013.pdf\" target=\"_blank\" rel=\"noopener\"><span style=\"color:#333333;\">2do. Encuentro de Televisoras P\u00fablicas de Latinoam\u00e9rica<\/span><\/a> y los tres Encuentros en Comunicaci\u00f3n Audiovisual (<a href=\"http:\/\/www.telam.com.ar\/especiales\/eca\/\" target=\"_blank\" rel=\"noopener\"><span style=\"color:#333333;\">ECA<\/span><\/a>) en Mar del Plata; es que hace tres a\u00f1os se fueron gestando <a href=\"http:\/\/ediblio.unsa.edu.ar\/4\/2\/Omarrincon.pdf\" target=\"_blank\" rel=\"noopener\"><span style=\"color:#333333;\">se\u00f1ales p\u00fablicas de televisi\u00f3n<\/span><\/a> que junto a otras experiencias cercanas desarrollan televisiones de alt\u00edsima calidad t\u00e9cnica y expresiva con profesionales y t\u00e9cnicos de nuestro pa\u00eds.<\/span><\/div>\n<p><span style=\"color:#333333;\"><span style=\"text-align:justify;\"><br \/>\n<\/span><b style=\"text-align:justify;\">TV P\u00fablica HD\u00a0<\/b><span style=\"text-align:justify;\"> | \u00a0La se\u00f1al hist\u00f3rica de la Televisi\u00f3n Argentina: la primera; de cuando un estudio de televisi\u00f3n equipado con aparatos de video era algo experimental y de vanguardia. La se\u00f1al estuvo hist\u00f3ricamente en el CANAL 7 de VHF anal\u00f3gico en la Ciudad de Buenos Aires y luego fue creciendo en n\u00famero de frecuencias y repetidoras a lo largo del pa\u00eds. | Con la Ley de Servicios de Comunicaci\u00f3n Audiovisual toma una nueva forma en el 23.02 de la Televisi\u00f3n Digital Argentina.<\/span><\/span><\/p>\n<div style=\"text-align:justify;\"><span style=\"color:#333333;\">Con m\u00e1s de 1.000 empleados, emplazado en el edificio de Av. Figueroa Alcorta que dejo la dictadura y el Mundial &#8217;78, el canal adem\u00e1s absorbe todas las formas del audiovisual argentino a trav\u00e9s de sus 60 a\u00f1os de historia ha sido el lugar del pa\u00eds para la experimentaci\u00f3n, para la creaci\u00f3n de formatos, para la vanguardia tecnol\u00f3gica, para las pruebas y estudios de los ingenieros en telecomunicaciones, para los actores, humoristas y periodistas que trabajaron en \u00e9l desde 1952 hasta la actualidad.<\/span><\/div>\n<div style=\"text-align:justify;\"><span style=\"color:#333333;\">\u00a0<\/span><\/div>\n<div style=\"text-align:justify;\"><span style=\"color:#333333;\">La TV P\u00fablica es el lugar inevitable del audiovisual electr\u00f3nico argentino, con sus archivos en todos los formatos de registro audiovisual que han existido en el pa\u00eds.<\/span><\/div>\n<div style=\"text-align:justify;\"><span style=\"color:#333333;\">\u00a0<\/span><\/div>\n<div style=\"text-align:justify;\"><span style=\"color:#333333;\"><b>Telesur<\/b>\u00a0 | \u00a0Televisora del Sur comenz\u00f3 a transmitir en Julio de 2005 la primer se\u00f1al de noticias realizada \u00edntegramente desde y para nuestra regi\u00f3n. (<a href=\"https:\/\/vimeo.com\/58898929\"><span style=\"color:#333333;\">https:\/\/vimeo.com\/58898929<\/span><\/a>) Al igual que Paka Paka, Telesur fue el primero en poner en evidencia el car\u00e1cter sesgado de las se\u00f1ales de noticias internacionales. Con Telesur aparecen por primera vez, poco a poco los temas, los presidentes y los proyectos regionales en la pantalla de nuestro televisor.<\/span><\/div>\n<div style=\"text-align:justify;\"><span style=\"color:#333333;\">\u00a0<\/span><\/div>\n<p><span style=\"color:#333333;\"><b>Encuentro\u00a0<\/b> | \u00a0Incluso a\u00f1os antes de la sanci\u00f3n de la Ley de Servicios de Comunicaci\u00f3n Audiovisual, en 2007, Encuentro aparece como la se\u00f1al de televisi\u00f3n del Ministerio de Educaci\u00f3n de la Naci\u00f3n. Como herencia de un viejo proyecto de televisi\u00f3n anal\u00f3gico de utilizar la frecuencia del CANAL 4 VHF como un canal cultural, en estrecha relaci\u00f3n con la idea del Channel Four del Reino Unido. Encuentro concentra su programaci\u00f3n en la producci\u00f3n de contenidos a cargo de productoras, con la figura del productor delegado. Los programas no tienen interrupciones comerciales y mantienen un elevado est\u00e1ndar de calidad tanto t\u00e9cnica como expresiva. Las producciones para Encuentro r\u00e1pidamente han sido un signo de prestigio en la televisi\u00f3n argentina y de Am\u00e9rica Latina.<\/span><\/p>\n<\/div>\n<div style=\"text-align:justify;\"><span style=\"color:#333333;\"><b>Paka Paka<\/b>\u00a0 | \u00a0La se\u00f1al surge de la franja hom\u00f3nima de Encuentro, su canal hermano, pero logra una autonom\u00eda impactante a partir de su independencia el 17 de Septiembre de 2010. Como se\u00f1al puso en evidencia la falta de existencia de programaci\u00f3n para ni\u00f1os menores de 12 a\u00f1os de producci\u00f3n local o regional. Junto a eso y a otras televisoras p\u00fablicas y privadas regionales comienza a verse en la pantalla una programaci\u00f3n impensable hasta el momento. Los \u00faltimos a\u00f1os Paka Paka a puesto en el aire Pel\u00edculas de grandes animadores como Miyazaki y otros, series de dibujos dobladas al castellano por artistas locales y m\u00fasicos que han aportado otra forma de acercarse al mundo de la animaci\u00f3n en nuestro idioma. Los chicos pueden verse reflejados en Paka Paka. La programaci\u00f3n no los agobia, les propone dejar de ver la tele, pero aporta un momento de formaci\u00f3n y entretenimiento al gran p\u00fablico de la televisi\u00f3n que antes no llegaba a esos contenidos. Paka Paka es hoy el par\u00e1metro m\u00e1s alto de calidad en programaci\u00f3n televisiva para ni\u00f1os de 0 a 12 a\u00f1os en Am\u00e9rica Latina.<\/span><\/div>\n<blockquote><p><span style=\"color:#333333;\"><i>1. Calidad como diversidad;<br \/>\n2. Calidad de la programaci\u00f3n;<br \/>\n3. Calidad en cuanto a la est\u00e9tica de los dibujos animados;<br \/>\n4. Calidad en relaci\u00f3n al receptor o telespectador o audiencia;<br \/>\n5. Calidad como ausencia de violencia en los contenidos;<br \/>\n6. Calidad como t\u00e9cnica e innovaci\u00f3n;<br \/>\n7. Calidad como presencia de contenidos educativos;<br \/>\n8. Calidad como un valor que promueve el desarrollo de habilidades de pensamiento;<br \/>\n9. Calidad como rentabilidad social.<br \/>\nTodos estos criterios, naturalmente, ser\u00edan v\u00e1lidos para el caso de la calidad enla televisi\u00f3n infantil online.<\/i> [Labrador]\u00a0<a href=\"http:\/\/www.comunicainfancia.cl\/wp-content\/uploads\/2008\/11\/indicadores-de-calidad-en-contenidos.doc\"><span style=\"color:#333333;\">http:\/\/www.comunicainfancia.cl\/wp-content\/uploads\/2008\/11\/indicadores-de-calidad-en-contenidos.doc<\/span><\/a><\/span><\/p><\/blockquote>\n<p><span style=\"color:#333333;\"><b>DeporTV HD\u00a0<\/b> | \u00a0Es la se\u00f1al m\u00e1s nueva del Servicio de Televisi\u00f3n P\u00fablica Argentina dedicada al deporte argentino. En principio con una estructura de piso televisivo, entrevistas y vivo y directo para las transmisiones del f\u00fatbol argentino, el hockey, el boxeo, el basquet de la NBA, el rally y el automovilismo local.<\/span><\/p>\n<p><span style=\"color:#333333;\"><b>INCAA TV\u00a0<\/b> | \u00a0Es la se\u00f1al de televisi\u00f3n del Instituto Nacional de Cine y Artes Audiovisuales. Su principal tarea es difundir pel\u00edculas del Cine Nacional de todos los tiempos en copias remasterizadas que ponen en valor la experiencia de ver cine argentino en la tele y crean nuevos espectadores de cine nacional, adem\u00e1s de poner en circulaci\u00f3n pel\u00edculas olvidadas o perdidas. La programaci\u00f3n aqu\u00ed es el detalle fundamental, ya que el contenido de los canales de pel\u00edculas son los films, el orden de los films, su incumbencia a veces tem\u00e1tica, a veces est\u00e9tica con temas de la agenda, hacen de INCAA TV un canal para descubrir el cine, nuevamente.<\/span><\/p>\n<div style=\"text-align:center;\"><span style=\"color:#333333;\">******************<\/span><\/div>\n<div style=\"text-align:justify;\"><span style=\"color:#333333;\">\u00a0<\/span><\/div>\n<div style=\"text-align:justify;\"><span style=\"color:#333333;\">Adem\u00e1s, otros \u00f3rganos del Estado han visto en el impulso de la Ley de Servicios de Comunicaci\u00f3n Audiovisual la posibilidad de gestar se\u00f1ales de televisi\u00f3n que enriquezcan la oferta de los sistemas de cable privados, comunitarios, los servicios de televisi\u00f3n digital abierta y los servicios de sat\u00e9lite abierto y de pago.<\/span><\/div>\n<div style=\"text-align:justify;\"><span style=\"color:#333333;\">\u00a0<\/span><\/div>\n<p><span style=\"color:#333333;\"><b>TECNOPOLIS TV<\/b>\u00a0 | \u00a0La se\u00f1al de televisi\u00f3n del Ministerio de Ciencia, Tecnolog\u00eda e Innovaci\u00f3n Productiva. Comienza con algunos hallazgos un nuevo camino en la televisi\u00f3n local, no s\u00f3lo la generaci\u00f3n de contenidos para otras se\u00f1ales, sino la manera de buscar una pantalla con identidad propia.<\/span><\/p>\n<p><span style=\"color:#333333;\"><b>ACUA MAYOR<\/b>\u00a0 | \u00a0<b>ACUA FEDERAL<\/b>\u00a0 | \u00a0Dependiente del BACUA del Ministerio de Planificaci\u00f3n de la Naci\u00f3n.<\/span><\/p>\n<div style=\"text-align:justify;\"><span style=\"color:#333333;\">A su vez las Universidades Nacionales tienen la experiencia, los contenidos y ahora la posibilidad concreta de llevar adelante canales locales en el \u00e1rea de influencia de sus sedes acad\u00e9micas. As\u00ed surgen:<\/span><\/div>\n<div style=\"text-align:justify;\"><span style=\"color:#333333;\">\u00a0<\/span><\/div>\n<p><span style=\"color:#333333;\"><b>CBN24 <\/b>\u00a0|\u00a0\u00a0Universidad Nacional de C\u00f3rdoba |<\/span><br \/>\n<span style=\"color:#333333;\"> <b>TVU<\/b>\u00a0 | \u00a0Universidad Nacional de La Plata |<\/span><br \/>\n<span style=\"color:#333333;\"> <b>SE\u00d1AL \u00d9<\/b>\u00a0 | \u00a0Universidad Nacional de Cuyo |<\/span><\/p>\n<div style=\"text-align:justify;\"><span style=\"color:#333333;\">Los Estados provinciales tambi\u00e9n participan activamente de la televisi\u00f3n p\u00fablica, mostrando los matices de sus zonas. Experiencias urbanas pioneras y nuevas se\u00f1ales confluyen en el nuevo espectro p\u00fablico argentino.<\/span><\/div>\n<div style=\"text-align:justify;\"><span style=\"color:#333333;\">\u00a0<\/span><\/div>\n<p><span style=\"color:#333333;\"><b>CIUDAD ABIERTA<\/b>\u00a0 | \u00a0Ciudad Aut\u00f3noma de Buenos Aires |<\/span><br \/>\n<span style=\"color:#333333;\"> <b>DIGOTV<\/b>\u00a0 | \u00a0Gobierno de la provincia de Buenos Aires |<\/span><br \/>\n<span style=\"color:#333333;\"> <b>CHACO TV <\/b>\u00a0| \u00a0\u00a0Gobierno de la provincia del Chaco |<\/span><\/p>\n<div style=\"text-align:justify;\"><span style=\"color:#333333;\">Los sindicatos y los credos tambi\u00e9n se suman a la generaci\u00f3n de propuestas audiovisuales propias como:<\/span><\/div>\n<div style=\"text-align:justify;\"><span style=\"color:#333333;\">\u00a0<\/span><\/div>\n<p><span style=\"color:#333333;\"><b>CONSTRUIR TV <\/b>\u00a0|\u00a0Fundaci\u00f3n UOCRA\u00a0|\u00a0Uni\u00f3n Obrera de la Construcci\u00f3n |<b><br \/>\nCANAL 21 <\/b>\u00a0|\u00a0Arzobispado de Buenos Aires |<\/span><\/p>\n<p><span style=\"color:#333333;\">Entre los hist\u00f3ricos canales comunitarios porte\u00f1os y las nuevas se\u00f1ales de las comunidades.<\/span><\/p>\n<p><span style=\"color:#333333;\"><b>BARRICADA TV<\/b> \u00a0| Canal 5 |\u00a0<a href=\"http:\/\/www.barricadatv.org\/\"><span style=\"color:#333333;\">http:\/\/www.barricadatv.org\/<\/span><\/a>\u00a0|\u00a0<\/span><br \/>\n<span style=\"color:#333333;\"> <b>WALL KINTUN TV<\/b> |\u00a0<a href=\"https:\/\/es-es.facebook.com\/pages\/Wall-Kintun-Tv\/196170010506633\"><span style=\"color:#333333;\">https:\/\/es-es.facebook.com\/pages\/Wall-Kintun-Tv\/196170010506633<\/span><\/a><\/span><\/p>\n<div style=\"text-align:center;\"><span style=\"color:#333333;\">******************<\/span><\/div>\n<div><span style=\"color:#333333;\">\u00a0<\/span><\/div>\n<div><span style=\"color:#333333;\">Esperamos que ahora que algunas de las se\u00f1ales p\u00fablicas argentinas, orgullo del espacio audiovisual latinoamericano, son vistas tambi\u00e9n por los clientes de todas las empresas de cable del pa\u00eds; poco a poco en cada zona se sumen experiencias locales de se\u00f1ales de calidad.<\/span><\/div>\n<div><span style=\"color:#333333;\">\u00a0<\/span><\/div>\n<div><span style=\"color:#333333;\">Un saludo desde las orillas.<\/span><\/div>\n<div><span style=\"color:#333333;\">german:)<\/span><\/div>\n","protected":false},"excerpt":{"rendered":"<p>Hoy, 27 de Enero de 2014, el Sistema de Circuito Cerrado de Televisi\u00f3n por Cable m\u00e1s grande de Argentina incorpora a su grilla b\u00e1sica algunas de las se\u00f1ales de los medios p\u00fablicos. Portal\u00a0www.cablevisionfibertel.com.ar \u00a0[26 de Enero de 2014] \u00a0 \u00a0 Pero, qu\u00e9 es el Servicio de Televisi\u00f3n P\u00fablica de la Argentina. Fruto de una extensa &hellip; <\/p>\n<p class=\"link-more\"><a href=\"https:\/\/obsoleta.com.ar\/textos\/deportv\/hoy-lunes-27-de-enero-de-2014\/\" class=\"more-link\">Seguir leyendo<span class=\"screen-reader-text\"> \u00abHoy, Lunes 27 de Enero de 2014\u00bb<\/span><\/a><\/p>\n","protected":false},"author":1,"featured_media":0,"comment_status":"closed","ping_status":"open","sticky":false,"template":"","format":"standard","meta":{"footnotes":""},"categories":[52,83,104,123,145,149,160,178],"tags":[210,220,331,408,414],"class_list":["post-7","post","type-post","status-publish","format-standard","hentry","category-deportv","category-incaatv","category-medios-publicos","category-pakapaka","category-senales","category-sistemas-de-distribucion","category-telesur","category-tvpublica","tag-7d","tag-argentina","tag-leysca","tag-tda","tag-television","entry"],"_links":{"self":[{"href":"https:\/\/obsoleta.com.ar\/textos\/wp-json\/wp\/v2\/posts\/7","targetHints":{"allow":["GET"]}}],"collection":[{"href":"https:\/\/obsoleta.com.ar\/textos\/wp-json\/wp\/v2\/posts"}],"about":[{"href":"https:\/\/obsoleta.com.ar\/textos\/wp-json\/wp\/v2\/types\/post"}],"author":[{"embeddable":true,"href":"https:\/\/obsoleta.com.ar\/textos\/wp-json\/wp\/v2\/users\/1"}],"replies":[{"embeddable":true,"href":"https:\/\/obsoleta.com.ar\/textos\/wp-json\/wp\/v2\/comments?post=7"}],"version-history":[{"count":1,"href":"https:\/\/obsoleta.com.ar\/textos\/wp-json\/wp\/v2\/posts\/7\/revisions"}],"predecessor-version":[{"id":1442,"href":"https:\/\/obsoleta.com.ar\/textos\/wp-json\/wp\/v2\/posts\/7\/revisions\/1442"}],"wp:attachment":[{"href":"https:\/\/obsoleta.com.ar\/textos\/wp-json\/wp\/v2\/media?parent=7"}],"wp:term":[{"taxonomy":"category","embeddable":true,"href":"https:\/\/obsoleta.com.ar\/textos\/wp-json\/wp\/v2\/categories?post=7"},{"taxonomy":"post_tag","embeddable":true,"href":"https:\/\/obsoleta.com.ar\/textos\/wp-json\/wp\/v2\/tags?post=7"}],"curies":[{"name":"wp","href":"https:\/\/api.w.org\/{rel}","templated":true}]}}