{"id":60,"date":"2011-07-18T14:57:00","date_gmt":"2011-07-18T14:57:00","guid":{"rendered":"http:\/\/obsoletx.wordpress.com\/2011\/07\/18\/el-vivo-y-el-tiempo-real\/"},"modified":"2024-03-03T21:26:11","modified_gmt":"2024-03-04T00:26:11","slug":"el-vivo-y-el-tiempo-real","status":"publish","type":"post","link":"https:\/\/obsoleta.com.ar\/textos\/cibernetica\/el-vivo-y-el-tiempo-real\/","title":{"rendered":"El Vivo y El Tiempo Real"},"content":{"rendered":"<p>Hace unos d\u00edas, la presidenta volvi\u00f3 a escribir en su Twitter Oficial, con un mensaje significativo.<\/p>\n<blockquote>\n<h5><i>\u00abHola. No escrib\u00eda desde el 26 de octubre, en El Calafate. \u00c9l, desde el sill\u00f3n, miraba TV y me dec\u00eda \u00a1Otra vez con eso!\u00bb<br \/>\n<\/i><br \/>\n<a href=\"http:\/\/twitter.com\/CFKArgentina\/status\/91147053866024960\" target=\"_blank\" rel=\"noopener\">http:\/\/twitter.com\/CFKArgentina\/status\/91147053866024960<\/a><\/h5>\n<\/blockquote>\n<p>Sobre lo \u00faltimo a lo que se hab\u00eda referido era la repercusi\u00f3n en los diarios de un tema coyuntural a ra\u00edz de la existencia de fotos con personajes acusados del homicidio de Mariano Ferreyra, de su estado gripal, del estreno del canal de youtube de la Casa Rosada&#8230;<\/p>\n<p>La escena que describe es perfecta. Un matrimonio de presidentes del pa\u00eds, uno que gobern\u00f3 desde el vivo televisivo, un gobierno broadcast, que comenz\u00f3 su mandato como una figura de baja resoluci\u00f3n, cercana al p\u00fablico, golpe\u00e1ndose en directo en el acto de asunci\u00f3n del mando y sangrando. Un presidente t\u00e1ctil. Tan cercano que el espectador casi pod\u00eda tocarlo y al tocarlo, al tocar la pantalla, tan fr\u00e1gil que lo pudo hacer sangrar. Una transmisi\u00f3n en vivo y directo, en conjunto entre los medios p\u00fablicos y privados para cubrir el trayecto entre el Congreso y la Casa Rosada. Estar en Vivo y Directo es una condici\u00f3n de existencia, implica convertirse en una figura transmitida pero mantener elementos de corporeidad. Poner el cuerpo o hacerlo presente en los soportes mediatizados de la televisi\u00f3n o el tel\u00e9fono. Alguien que prefiere la relaci\u00f3n interpersonal a la institucional. Pone a la televisi\u00f3n en vivo y directo como medio participativo, de proximidad. Ser visto por televisi\u00f3n se transform\u00f3 en una forma de cercan\u00eda extra\u00f1a. Cuando solos, en nuestros monoambiente, parece que la imagen del tipo que mira al ojo oscuro del lente nos est\u00e1 hablando.<\/p>\n<p>La segunda parte del mensaje es m\u00e1s atractiva a\u00fan, porque \u00e9l refunfu\u00f1a sobre los nuevos medios, que tienen una presencia cada vez mayor en la sociedad a trav\u00e9s de los tel\u00e9fonos celulares y las redes inform\u00e1ticas de alta velocidad. \u00ab<i>Otra vez con eso<\/i>!\u00bb\u00a0 dice el televidente, porque estar conectado implica cierto trabajo, ya no sos un espectador sino un usuario. La participaci\u00f3n es aparente en otro sentido y aunque m\u00e1s participativo es contundentemente m\u00e1s distanciado. No hay ning\u00fan registro certero de existencia: \u00ab<i>No escrib\u00eda desde el 26 de Octubre<\/i>\u00bb o sea que estos \u00faltimos meses esos twit que pod\u00edan ser registro de impresiones personales eran solamente simulacro corporativo. Sin embargo, cuando se vuelve presente la funci\u00f3n expresiva: \u00ab<i>Hola.<\/i>\u00ab; el twitter toma cercan\u00eda evidente. No la misma cercan\u00eda de los medios en vivo, no hay presencia del cuerpo, sino una presencia en tiempo real.<\/p>\n<p>El gobierno en Tiempo Real fue inaugurado por Salvador Allende con el proyecto Cybersyn; a esto quer\u00edamos llegar con esta entrada de blog. A contarles e invitarlos a visitar el trabajo de recuperaci\u00f3n de las teor\u00edas de Stafford Beer sobre Sinergia. El cruce de la teor\u00eda Cibern\u00e9tica de Norbert Wiener y la de la Informaci\u00f3n de Claude Shannon con la tendencia a la b\u00fasqueda del equilibrio homeost\u00e1tico de la biolog\u00eda da lugar a un gobierno basado en datos cuantificables, accesibles en tiempo real, que permitan suavizar los embates del tiempo auto-regulando sus variables a trav\u00e9s de la inclusi\u00f3n de organismos de control y verificaci\u00f3n en cada nivel del sistema. Esta informaci\u00f3n permite la creaci\u00f3n de simulaciones y la mayor eficiencia en la toma de decisiones.<\/p>\n<p>Hasta el pr\u00f3ximo Twit.<br \/>\nGerman:)<\/p>\n<p>ref:<br \/>\n1. Sobre la condici\u00f3n de \u00abVivo, Muerto y Fantasma en los medios de comunicaci\u00f3n\u00bb recomendamos el texto del Prof. Mario Carl\u00f3n |<br \/>\n2. Sobre Utilizaci\u00f3n de las tecnolog\u00edas cibern\u00e9ticas en el Gobierno recomendamos el sitio<a href=\"http:\/\/www.cybersyn.cl\/\"> http:\/\/www.cybersyn.cl<\/a><br \/>\ny especialmente el informe de avance de Espejo: <a href=\"http:\/\/www.cybersyn.cl\/imagenes\/documentos\/textos\/informe_r_espejo.pdf\">http:\/\/www.cybersyn.cl\/imagenes\/documentos\/textos\/informe_r_espejo.pdf<\/a><\/p>\n","protected":false},"excerpt":{"rendered":"<p>Hace unos d\u00edas, la presidenta volvi\u00f3 a escribir en su Twitter Oficial, con un mensaje significativo. \u00abHola. No escrib\u00eda desde el 26 de octubre, en El Calafate. \u00c9l, desde el sill\u00f3n, miraba TV y me dec\u00eda \u00a1Otra vez con eso!\u00bb http:\/\/twitter.com\/CFKArgentina\/status\/91147053866024960 Sobre lo \u00faltimo a lo que se hab\u00eda referido era la repercusi\u00f3n en los &hellip; <\/p>\n<p class=\"link-more\"><a href=\"https:\/\/obsoleta.com.ar\/textos\/cibernetica\/el-vivo-y-el-tiempo-real\/\" class=\"more-link\">Seguir leyendo<span class=\"screen-reader-text\"> \u00abEl Vivo y El Tiempo Real\u00bb<\/span><\/a><\/p>\n","protected":false},"author":1,"featured_media":0,"comment_status":"closed","ping_status":"open","sticky":false,"template":"","format":"standard","meta":{"footnotes":""},"categories":[35,76,165,172,179,194],"tags":[246,362,396],"class_list":["post-60","post","type-post","status-publish","format-standard","hentry","category-cibernetica","category-gobierno","category-television","category-tiempo-real","category-twitter","category-vivo-y-directo","tag-cfkargentina","tag-nestor-kirchner","tag-salvador-allende","entry"],"_links":{"self":[{"href":"https:\/\/obsoleta.com.ar\/textos\/wp-json\/wp\/v2\/posts\/60","targetHints":{"allow":["GET"]}}],"collection":[{"href":"https:\/\/obsoleta.com.ar\/textos\/wp-json\/wp\/v2\/posts"}],"about":[{"href":"https:\/\/obsoleta.com.ar\/textos\/wp-json\/wp\/v2\/types\/post"}],"author":[{"embeddable":true,"href":"https:\/\/obsoleta.com.ar\/textos\/wp-json\/wp\/v2\/users\/1"}],"replies":[{"embeddable":true,"href":"https:\/\/obsoleta.com.ar\/textos\/wp-json\/wp\/v2\/comments?post=60"}],"version-history":[{"count":1,"href":"https:\/\/obsoleta.com.ar\/textos\/wp-json\/wp\/v2\/posts\/60\/revisions"}],"predecessor-version":[{"id":1480,"href":"https:\/\/obsoleta.com.ar\/textos\/wp-json\/wp\/v2\/posts\/60\/revisions\/1480"}],"wp:attachment":[{"href":"https:\/\/obsoleta.com.ar\/textos\/wp-json\/wp\/v2\/media?parent=60"}],"wp:term":[{"taxonomy":"category","embeddable":true,"href":"https:\/\/obsoleta.com.ar\/textos\/wp-json\/wp\/v2\/categories?post=60"},{"taxonomy":"post_tag","embeddable":true,"href":"https:\/\/obsoleta.com.ar\/textos\/wp-json\/wp\/v2\/tags?post=60"}],"curies":[{"name":"wp","href":"https:\/\/api.w.org\/{rel}","templated":true}]}}