{"id":57,"date":"2011-08-12T13:49:00","date_gmt":"2011-08-12T13:49:00","guid":{"rendered":"http:\/\/obsoletx.wordpress.com\/2011\/08\/12\/feliz-dia-del-trabajador-de-television\/"},"modified":"2024-03-03T21:26:11","modified_gmt":"2024-03-04T00:26:11","slug":"feliz-dia-del-trabajador-de-television","status":"publish","type":"post","link":"https:\/\/obsoleta.com.ar\/textos\/ciudad-abierta\/feliz-dia-del-trabajador-de-television\/","title":{"rendered":"Feliz D\u00eda del Trabajador de Televisi\u00f3n."},"content":{"rendered":"<p>El <b>Sindicato de Trabajadores de Televisi\u00f3n<\/b>, ahora SATSAID celebra hoy su d\u00eda. [<a href=\"http:\/\/www.satsaid.org.ar\/Inicio\/video12deagosto.html\">http:\/\/www.satsaid.org.ar\/Inicio\/video12deagosto.html<\/a>]<\/p>\n<p>Aprovechamos este d\u00eda para revisar ocho a\u00f1os de historia del Canal de Televisi\u00f3n P\u00fablica de la Ciudad Aut\u00f3noma de Buenos Aires.<br \/>A\u00fan antes de la existencia de la Ley de Servicios de Comunicaci\u00f3n Audiovisual y como un ejemplo pret\u00e9rito de sus presupuestos posibles, es que en 2003 se inauguraba el Canal P\u00fablico de la Ciudad de Buenos Aires.<br \/>En ese momento, no exist\u00eda forma de poner al aire una nueva frecuencia y se logr\u00f3 la existencia del canal a partir de un intercambio con una de las empresas proveedoras del Servicio de Circuito Cerrado de Televisi\u00f3n por Cable que proporcion\u00f3 su Control Central de Emisi\u00f3n y un lugar en la grilla (el \u00faltimo) a cambio de cierta facilidad con el tendido de cables a\u00e9reos en puntos sensibles de la ciudad.<br \/>Las nuevas tecnolog\u00edas de video digital permitieron adem\u00e1s que el costo t\u00e9cnico de la puesta en marcha del canal con imagen de calidad broadcast sea irrisorio en comparaci\u00f3n a lo que costaba hacerlo 10 a\u00f1os antes. <br \/>Adem\u00e1s la astucia formal de sus directores iniciales encontraron la mejor manera para conjugar una televisi\u00f3n urbana, realizada en la ciudad con sus habitantes con informaci\u00f3n de inter\u00e9s p\u00fablico e im\u00e1genes atractivas. Comenzando a trabajar con docentes y profesionales universitarios como Omar Rinc\u00f3n en las jornadas que han dado fruto a estos dos apuntes en l\u00ednea en su web [<a href=\"http:\/\/www.c3fes.net\/docs\/tvpublicaBsAs.pdf\"><cite>www.c3fes.net\/docs\/tvpublicaBsAs.pdf<\/cite><\/a>] [<a href=\"http:\/\/www.c3fes.net\/docs\/programacionbsas.pdf\"><cite>www.c3fes.net\/docs\/programacionbsas.pdf<\/cite><\/a>] all\u00e1 por el 2004.<br \/>A este primer per\u00edodo inicial corresponde este fragmento grabado del cable en VHS all\u00e1 por el 12 de Agosto de 2003. [<a href=\"http:\/\/vimeo.com\/27604322\">http:\/\/vimeo.com\/27604322<\/a>]<\/p>\n<p>[vimeo http:\/\/www.vimeo.com\/27604322 w=400&amp;h=315]<\/p>\n<p>En el comienzo de este registro se ve un peque\u00f1o clip que se emit\u00eda  en ese entonces con el Staff. Como el canal no ten\u00eda programas, en el  sentido de la televisi\u00f3n tradicional, sino que se organizaba a partir de  registros en planos \u00fanicos del continuo urbano y tandas con separadores  realizados <i>ad-hoc <\/i>era necesario emitir en alg\u00fan momento el rodante [<i>scroll<\/i>]  con los t\u00edtulos de las personas que trabajaban en su realizaci\u00f3n. En  este caso se puede ver el Staff inicial del canal con los nombres de las  personas que pusieron al aire la se\u00f1al Ciudad Abierta en sus comienzos.  Muchos de ellos han comenzado all\u00ed su carrera en el medio audiovisual,  cosa que pone de manifiesto la importancia de estos canales p\u00fablicos  como promotores de una nueva generaci\u00f3n de profesionales.<\/p>\n<p>Luego de que las peripecias de campa\u00f1a del actual jefe de gobierno hiciera que en 2007 su discurso \u00fanico fuera <i>Cerrar el Canal<\/i>, denunciando as\u00ed que para su Partido <i>Propuesta Republicana<\/i> <b>la Televisi\u00f3n no deber\u00eda ser P\u00fablica<\/b>.<\/p>\n<p>Gracias  a la Ley de Servicios de Comunicaci\u00f3n Audiovisual que profesionaliza y  crea normativas para la actividad audiovisual en nuestro pa\u00eds, la <i>Se\u00f1al de Televisi\u00f3n P\u00fablica de la Ciudad de Buenos Aires<\/i>  toma un peso relevante. Ya no depende de los caprichos de la actual  gesti\u00f3n, sino que se instala como un derecho de los habitantes y  visitantes de la ciudad. Este a\u00f1o logra volver a producir contenidos y  transmite en vivo y directo las galas de \u00f3pera desde el Teatro Col\u00f3n y  las sesiones desde la Legislatura Porte\u00f1a. [<a href=\"http:\/\/canalciudadabierta.blogspot.com\/\">http:\/\/canalciudadabierta.blogspot.com<\/a>]<\/p>\n<p>En  los \u00faltimos d\u00edas la Autoridad Federal de Servicio de Comunicaci\u00f3n  Audiovisual [<a href=\"http:\/\/www.afsca.gob.ar\/web\/blog\">http:\/\/www.afsca.gob.ar\/web\/blog<\/a>] le asign\u00f3 la licencia  para transmitir en la frecuencia del Canal 20 de UHF para la norma de  Televisi\u00f3n Digital Terrestre Argentina. Si consideramos que en  estos momentos sintonizamos los canales de la TDT comenzando con la  se\u00f1al p\u00fablica de televisi\u00f3n Encuentro en el 22.1, vemos que en los  primeros canales de la TDT tendremos las Televisiones P\u00fablicas  Federales, Regionales y Locales.<\/p>\n<p>Poner al aire Ciudad Abierta es un hecho que nos merecemos todos quienes vemos y trabajamos en Televisi\u00f3n en esta ciudad \ud83d\ude42<\/p>\n","protected":false},"excerpt":{"rendered":"<p>El Sindicato de Trabajadores de Televisi\u00f3n, ahora SATSAID celebra hoy su d\u00eda. [http:\/\/www.satsaid.org.ar\/Inicio\/video12deagosto.html] Aprovechamos este d\u00eda para revisar ocho a\u00f1os de historia del Canal de Televisi\u00f3n P\u00fablica de la Ciudad Aut\u00f3noma de Buenos Aires.A\u00fan antes de la existencia de la Ley de Servicios de Comunicaci\u00f3n Audiovisual y como un ejemplo pret\u00e9rito de sus presupuestos posibles, &hellip; <\/p>\n<p class=\"link-more\"><a href=\"https:\/\/obsoleta.com.ar\/textos\/ciudad-abierta\/feliz-dia-del-trabajador-de-television\/\" class=\"more-link\">Seguir leyendo<span class=\"screen-reader-text\"> \u00abFeliz D\u00eda del Trabajador de Televisi\u00f3n.\u00bb<\/span><\/a><\/p>\n","protected":false},"author":1,"featured_media":0,"comment_status":"closed","ping_status":"open","sticky":false,"template":"","format":"standard","meta":{"footnotes":""},"categories":[40,49,163],"tags":[],"class_list":["post-57","post","type-post","status-publish","format-standard","hentry","category-ciudad-abierta","category-dia-del-trabajador-de-television","category-television-digital-terrestre","entry"],"_links":{"self":[{"href":"https:\/\/obsoleta.com.ar\/textos\/wp-json\/wp\/v2\/posts\/57","targetHints":{"allow":["GET"]}}],"collection":[{"href":"https:\/\/obsoleta.com.ar\/textos\/wp-json\/wp\/v2\/posts"}],"about":[{"href":"https:\/\/obsoleta.com.ar\/textos\/wp-json\/wp\/v2\/types\/post"}],"author":[{"embeddable":true,"href":"https:\/\/obsoleta.com.ar\/textos\/wp-json\/wp\/v2\/users\/1"}],"replies":[{"embeddable":true,"href":"https:\/\/obsoleta.com.ar\/textos\/wp-json\/wp\/v2\/comments?post=57"}],"version-history":[{"count":1,"href":"https:\/\/obsoleta.com.ar\/textos\/wp-json\/wp\/v2\/posts\/57\/revisions"}],"predecessor-version":[{"id":1477,"href":"https:\/\/obsoleta.com.ar\/textos\/wp-json\/wp\/v2\/posts\/57\/revisions\/1477"}],"wp:attachment":[{"href":"https:\/\/obsoleta.com.ar\/textos\/wp-json\/wp\/v2\/media?parent=57"}],"wp:term":[{"taxonomy":"category","embeddable":true,"href":"https:\/\/obsoleta.com.ar\/textos\/wp-json\/wp\/v2\/categories?post=57"},{"taxonomy":"post_tag","embeddable":true,"href":"https:\/\/obsoleta.com.ar\/textos\/wp-json\/wp\/v2\/tags?post=57"}],"curies":[{"name":"wp","href":"https:\/\/api.w.org\/{rel}","templated":true}]}}