{"id":538,"date":"2017-04-29T01:46:35","date_gmt":"2017-04-29T04:46:35","guid":{"rendered":"https:\/\/obsoletx.wordpress.com\/?p=538"},"modified":"2024-03-03T21:25:39","modified_gmt":"2024-03-04T00:25:39","slug":"apuntes-para-la-convergencia","status":"publish","type":"post","link":"https:\/\/obsoleta.com.ar\/textos\/video\/apuntes-para-la-convergencia\/","title":{"rendered":"apuntes para la #Convergencia"},"content":{"rendered":"<p style=\"text-align:center;\"><a href=\"https:\/\/obsoletx.files.wordpress.com\/2015\/06\/convergencia.png\"><img loading=\"lazy\" decoding=\"async\" class=\"aligncenter wp-image-539\" src=\"https:\/\/obsoletx.files.wordpress.com\/2015\/06\/convergencia.png?w=300\" alt=\"convergencia\" width=\"724\" height=\"234\" srcset=\"https:\/\/obsoleta.com.ar\/textos\/wp-content\/uploads\/2015\/06\/convergencia.png 547w, https:\/\/obsoleta.com.ar\/textos\/wp-content\/uploads\/2015\/06\/convergencia-300x97.png 300w\" sizes=\"auto, (max-width: 724px) 100vw, 724px\" \/><\/a><\/p>\n<p style=\"text-align:left;\">T\u00e9cnicamente la <em>convergencia<\/em> es la confluencia de varios servicios que antes se diferenciaban por su medio de transporte, en un \u00fanico, estandarizado y eficiente medio: la banda ancha.<\/p>\n<p style=\"text-align:left;\">\u00bfCuales son estos servicios? Algunos que conocemos y otros nuevos.<\/p>\n<p style=\"text-align:left;\">A principios del Siglo XX conocimos la electricidad y la radiofon\u00eda.\u00a0 <em>La Electricidad<\/em> se generaba en grandes f\u00e1bricas (usinas) para distintos usos: se llevaba un cable desde la usina hasta el tranway, otro para el alumbrado u otro para los motores de las f\u00e1bricas. Cada cable era una generaci\u00f3n distinta de electricidad. \u00bfQu\u00e9 se vend\u00eda? Al igual que hoy, un consumo en relaci\u00f3n al costo de producci\u00f3n de una unidad de fuerza\/tiempo.<\/p>\n<p style=\"text-align:left;\"><em>La radiofon\u00eda<\/em> se emit\u00eda al eter. Se necesitaba mucha electricidad para generar la onda, pero los receptores, cualquiera, pod\u00edan recibir la se\u00f1al libremente, sin cable, solamente sintonizando su radio-receptor en la frecuencia adecuada. \u00bfQu\u00e9 se vend\u00eda? Al igual que hoy, publicidad en un precio proporcional a la cantidad de oyentes.<\/p>\n<p><em><strong>Ambos ocupan espacio p\u00fablico: unos el espacio p\u00fablico de la calle, los postes, los t\u00faneles por donde pasan los cables, los otros el espacio p\u00fablico de las frecuencias radioel\u00e9ctricas.<\/strong><\/em><\/p>\n<p style=\"text-align:left;\">A su vez, en paralelo aparece <em>el Tel\u00e9fono<\/em>. Primer h\u00edbrido: utiliza un cable para llevar su propia electricidad y por ese cable env\u00eda y recibe (conecta) voz. \u00bfQu\u00e9 se vend\u00eda? Al igual que hoy, tiempo de conexi\u00f3n exclusivo entre dos usuarios en detrimento de otras posibles conexiones, ya que la cantidad de conexiones es finito.<\/p>\n<p style=\"text-align:left;\">Otro h\u00edbrido trae m\u00e1s confusi\u00f3n: <em>El Cable<\/em>. De manera similar que la electricidad, el cable llega a cada usuario. Al igual que la radiodifusi\u00f3n, el cable emite una \u00fanica cantidad de se\u00f1ales para todos los usuarios. \u00bfQu\u00e9 se vend\u00eda? Al igual que ahora, el cable vende una suscripci\u00f3n por el acceso a esas se\u00f1ales.<\/p>\n<figure id=\"attachment_479\" aria-describedby=\"caption-attachment-479\" style=\"width: 765px\" class=\"wp-caption alignnone\"><img loading=\"lazy\" decoding=\"async\" class=\"alignnone size-full wp-image-479\" src=\"https:\/\/obsoletx.files.wordpress.com\/2014\/04\/noblex_homepong_switch.jpg\" alt=\"noblex_homepong_switch\" width=\"765\" height=\"576\" \/><figcaption id=\"caption-attachment-479\" class=\"wp-caption-text\">televisor noblex micro14 con jueguitos pong inclu\u00eddos (c. 1980)<\/figcaption><\/figure>\n<p style=\"text-align:center;\"><strong>Internet a principio de S. XXI<\/strong><\/p>\n<p style=\"text-align:left;\">A fines de los 70, se comienza a imaginar la convergencia. Todo confluir\u00e1 en un aparato: <strong>E<\/strong><em><strong>l Televisor.<\/strong><\/em> Que adaptado incorpora la capacidad de convertirse en un dispositivo multimedia de ida y vuelta. Un meta-medio, donde la computadora personal primero, los jueguitos, el teletexto. Internet luego, el tel\u00e9fono celular y al fin la red, unificaron los diferentes servicios en una tecnolog\u00eda contempor\u00e1nea y transparente.<\/p>\n<p style=\"text-align:left;\">Alrededor de mitad de siglo XX se estandariz\u00f3 el ciclaje de la red el\u00e9ctrica (en Argentina en 50hz) lo que posibilit\u00f3 crear un sistema de producci\u00f3n y distribuci\u00f3n interconectado. Ahorrando recursos naturales en su generaci\u00f3n y acercando el servicio a zonas alejadas del pa\u00eds. Si un particular genera electricidad por sus propios medios, puede incluso inyectar lo que le sobra a la red. La red el\u00e9ctrica transporta electrones y obviamente nadie dice que esos electr\u00f3nes no pueden ser catalogados y distribu\u00eddos. <em>Entonces, \u00bfPor qu\u00e9 la sa\u00f1a en hablar de bits? Hablar de bits es como hablar de electrones, no tiene ning\u00fan sentido para entender la convergencia (que fue primero electr\u00f3nica y ahora es digital).<\/em><\/p>\n<p style=\"text-align:left;\">La Banda Ancha nos propone ahora estandarizar el transporte de los servicios audiovisuales y de datos a trav\u00e9s de la fibra \u00f3ptica y las antenas celulares sincronizadas. Agregar\u00eda yo tambi\u00e9n en un futuro cercano las <em>Redes Mesh<\/em>, generadas por cercan\u00eda entre pares: autom\u00f3viles, tel\u00e9fonos celulares, computadoras port\u00e1tiles, colectivos o ferrocarriles podr\u00e1n intercambiar r\u00e1pidamente paquetes de datos rompiendo la l\u00f3gica de cliente-servidor de los actuales puntos de acceso.<\/p>\n<p style=\"text-align:left;\">Es indiscutible que la digitalizaci\u00f3n del espectro radioel\u00e9ctrico trae un beneficio social y que el reemplazo de los viejos cables coaxiles de cobre por la Fibra \u00d3ptica es m\u00e1s segura, limpia y eficiente.<\/p>\n<p style=\"text-align:center;\"><strong>y entonces, \u00bfC\u00faal es el problema con la convergencia?<\/strong><\/p>\n<p style=\"text-align:left;\">El problema es que detr\u00e1s de toda esta parafernalia t\u00e9cnica habemos personas y hay que estar atentos para que los intereses de unas pocas personas no pasen por arriba al conjunto.<\/p>\n<p style=\"text-align:left;\">As\u00ed como en el mundo electr\u00f3nico se puede saber claramente si por un cable los electr\u00f3nes transmiten audio, voz, televisi\u00f3n, datos o ruido, es posible saber por cualquier red digital de banda ancha que tipo de informaci\u00f3n transmiten los paquetes de datos. Por sus encabezados y por su forma. Paquetes TCP intentar\u00e1n llegar a destino, mientras que los UDP intentar\u00e1n fluir sin interrumpir su continuidad. Unos m\u00e1s parecidos a una carta y otros m\u00e1s parecidos a una onda de radio.<\/p>\n<p style=\"text-align:left;\"><em>Queremos que los mensajes privados lleguen a destino sin ser intervenidos, espiados o modificados. Y que los mensajes p\u00fablicos lleguen a la mayor audiencia posible sin censura. As\u00ed es un esc\u00e1ndalo un Estado que esp\u00eda llamadas telef\u00f3nicas; como tambi\u00e9n otro que censura una transmisi\u00f3n televisiva.<\/em><\/p>\n<p style=\"text-align:center;\"><strong>La convergencia confunde. Y nos hacen confundir adrede. Es cierto.<\/strong><\/p>\n<p style=\"text-align:left;\">Es cierto que deseamos proteger nuestras industrias culturales. La cultura de un pueblo necesita de una protecci\u00f3n especial. Por eso hay una cuota de pantalla para contenidos audiovisuales producidos en nuestro pa\u00eds. Esto nos da respiro como sociedad, pero tambi\u00e9n nos ayuda con trabajo genuino para nuestros artistas y t\u00e9cnicos. Una industria protegida en cuanto a territorio. Pero las empresas de la convergencia no est\u00e1n en ning\u00fan territorio. \u00bfD\u00f3nde tributa netflix? \u00bfD\u00f3nde lo hace youtube? \u00bfqubit.tv? \u00bfespn? \u00bfComo pensar una cuota en un servicio on-demand?<\/p>\n<p style=\"text-align:left;\"><em>Evidentemente la convergencia nos trae un trabajo nuevo. La ley de cine, la ley de la CINAIN, la ley de Servicios de Comunicaci\u00f3n Audiovisual, la ley de ArgentinaDigital, la ley de Propiedad Intelectual; la creaci\u00f3n de un Ministerio de Cultura, los Institutos del Cine, del Teatro y de la M\u00fasica; las sociedades Gestoras de Derechos; los Sindicatos de las diferentes ramas de la industria est\u00e1n hoy repensando este problema. Trabajando en ello.<\/em><\/p>\n<p style=\"text-align:left;\">Pens\u00e1bamos en la neutralidad de red, deber\u00eda haber igualdad de oportunidades para todos los actores en la velocidad de acceso a sus contenidos. Esto es interesante porque implica cierta territorialidad. Para llegar m\u00e1s r\u00e1pido al televisor, tablet o tel\u00e9fono celular debemos estar ubicados geogr\u00e1ficamente dentro de la red de esos dispositivos. Estos proxy (como eran antes con una l\u00f3gica de la internet como espacio p\u00fablico donde los servidores guardaban temporalmente copias cercanas de los archivos demandados por sus usuarios en un momento dado) se ha distorsionado al concepto de servidores exclusivos que son llenados (push) con informaci\u00f3n para que sea disponible t\u00e9cnicamente prioritaria por estar m\u00e1s cercana. Simplemente intenten ver el mismo video en youtube o dailymotion. (https:\/\/media.netflix.com\/en\/company-blog\/how-netflix-works-with-isps-around-the-globe-to-deliver-a-great-viewing-experience)<\/p>\n<p style=\"text-align:left;\">\u00bfQue pasa? Qu\u00e9 aunque la red parezca un <em>mundo virtual, una nube, una marca de fantas\u00eda de una compa\u00f1\u00eda estadounidense o europea <\/em>lo cierto es que la banda ancha es efectivamente topogr\u00e1fica y cada vez m\u00e1s georeferenciada.<\/p>\n<p style=\"text-align:left;\"><em><strong>Cualquiera puede ver los datos de visitas de su sitio web referenciado con n\u00fameros de IP que permiten ubicar territorialmente a los usuarios.<\/strong><\/em><\/p>\n<p style=\"text-align:left;\"><strong>\u00bf<\/strong>Ahora a qui\u00e9n y como cobrarle? \u00bfY a quienes y de qu\u00e9 manera obligarlos a cumplir cuotas de contenido local?<\/p>\n<p style=\"text-align:left;\">\u00bfDebe pensarse desde donde se generan los contenidos? \u00bfDebe ser tambi\u00e9n en donde se consumen los contenidos?<\/p>\n<p style=\"text-align:left;\">Lo que no cabe duda es que t\u00e9cnicamente es posible saber sin perjuicio de la privacidad de la informaci\u00f3n la direcci\u00f3n y el destino de los datos transmitidos, asi como su morfolog\u00eda b\u00e1sica (de la misma manera que el correo postal hace con una carta o un paquete que traslada de un lugar a otro sabiendo su peso, su direcci\u00f3n de env\u00edo y su destino sin entrometerse en su contenido). Tambi\u00e9n se puede evitar que un flujo de paquetes de internet sea censurado o suprimido y saber si eso fuere ocasionado en que lugar o momento de la transmisi\u00f3n de los datos sucedi\u00f3 el evento.<\/p>\n<p style=\"text-align:left;\"><strong>Existen dos infraestructuras y es importante que exista una red interconectada y que los jugadores p\u00fablicos y privados macro en la gesti\u00f3n de esa red tengan responsabilidades mayores sobre su funcionamiento.<\/strong> Al igual que un flujo de un r\u00edo, una autopista o una ruta a\u00e9rea. Tenemos ideas posibles en la manera de regular v\u00edas de comunicaci\u00f3n.<\/p>\n<p style=\"text-align:left;\">El problema con la convergencia es que no es solamente una v\u00eda de comunicaci\u00f3n. No es solamente soberan\u00eda y disponibilidad estrat\u00e9gica de recursos. En la convergencia est\u00e1 en juego nuestra identidad cultural. Y para ello debemos activar mecanismos que protejan las actividades desarrolladas por nuestro pueblo.<\/p>\n<p style=\"text-align:left;\">Al igual que el fondo de fomento del cine o el canon de la ley de servicios de comunicaci\u00f3n audiovisual, debemos pensar una reserva de ancho de banda, una reserva de espectro radioel\u00e9ctrico, una cuota en los servidores y datacenters para los contenidos argentinos. <em>Un fondo para la conectividad y acceso a toda la poblaci\u00f3n, un fondo para la creaci\u00f3n de canales alternativos de distribuci\u00f3n, algo que ya se estaba creando y que hoy, de un d\u00eda para otro parece tambalear.<\/em><\/p>\n<p style=\"text-align:left;\">La convergencia en el \u00e1mbito de las industrias culturales puede pensarse desde la conformaci\u00f3n de espacios, dise\u00f1os, canales y fomentos a la producci\u00f3n que ampl\u00eden la cantidad y difusi\u00f3n de los bienes culturales de nuestro pueblo. Generando m\u00e1s y nuevos espacios de producci\u00f3n y m\u00e1s y mejores formas de distribuci\u00f3n. Construyendo p\u00fablico con m\u00e1s se\u00f1ales, festivales y cursos y carreras de formaci\u00f3n en m\u00fasica, teatro, audiovisual, video-juegos, programaci\u00f3n, artes.<\/p>\n<p style=\"text-align:left;\">Pensar en ampliar el Fondo de Fomento a la industria, a las artes y a la diversidad cultural deber\u00eda ser el objetivo primero. Asegurar las formas de que ese o esos fondos sean administrados por la mayor cantidad de actores del sector ser\u00eda lo deseado.<\/p>\n<p style=\"text-align:left;\">Ya que hoy se hace tan dificil saber el monto facturado por publicidad de los nuevos medios digitales como para cobrar un canon. Habr\u00eda que pensar en que el modelo de la convergencia podr\u00eda tambi\u00e9n tributar sobre el consumo. En este caso de Mb\/facturado directamente sobre los cables, empresas de electricidad, compa\u00f1\u00edas telef\u00f3nicas o cualquier otro proveedor de \u00faltima milla que ofrezca directa o indirectamente acceso a un consorcio entre la red nacional de fibra \u00f3ptica y los troncales mayoristas que interconectan el pa\u00eds. <strong>O como tuvo la televisi\u00f3n y radio europea directamente tomando un porcentaje del IVA que se cobra sobre la venta de dispositivos de reproducci\u00f3n como televisores, tel\u00e9fonos celulares y tablets en nuestro pa\u00eds.<\/strong><\/p>\n<p style=\"text-align:left;\"><strong>#esto es solamente un<\/strong> apunte trasnochado en un blog perdido. hoy lo comparto aqu\u00ed para las personas amigas que siguen estas lineas. ma\u00f1ana lo releemos y vemos cuan poco de ello quedar\u00e1#<\/p>\n<p style=\"text-align:left;\">Abrazo grande,<br \/>\nGerm\u00e1n Monti.<br \/>\n@camaradetubo<\/p>\n","protected":false},"excerpt":{"rendered":"<p>Ambos ocupan espacio p\u00fablico: unos el espacio p\u00fablico de la calle, los postes, los t\u00faneles por donde pasan los cables, los otros el espacio p\u00fablico de las frecuencias radioel\u00e9ctricas.<\/p>\n","protected":false},"author":1,"featured_media":692,"comment_status":"closed","ping_status":"open","sticky":false,"template":"","format":"standard","meta":{"footnotes":""},"categories":[190],"tags":[239,285,289,316],"class_list":["post-538","post","type-post","status-publish","format-standard","has-post-thumbnail","hentry","category-video","tag-canon","tag-espacio-publico","tag-estado","tag-industrias-culturales","entry"],"_links":{"self":[{"href":"https:\/\/obsoleta.com.ar\/textos\/wp-json\/wp\/v2\/posts\/538","targetHints":{"allow":["GET"]}}],"collection":[{"href":"https:\/\/obsoleta.com.ar\/textos\/wp-json\/wp\/v2\/posts"}],"about":[{"href":"https:\/\/obsoleta.com.ar\/textos\/wp-json\/wp\/v2\/types\/post"}],"author":[{"embeddable":true,"href":"https:\/\/obsoleta.com.ar\/textos\/wp-json\/wp\/v2\/users\/1"}],"replies":[{"embeddable":true,"href":"https:\/\/obsoleta.com.ar\/textos\/wp-json\/wp\/v2\/comments?post=538"}],"version-history":[{"count":1,"href":"https:\/\/obsoleta.com.ar\/textos\/wp-json\/wp\/v2\/posts\/538\/revisions"}],"predecessor-version":[{"id":1427,"href":"https:\/\/obsoleta.com.ar\/textos\/wp-json\/wp\/v2\/posts\/538\/revisions\/1427"}],"wp:featuredmedia":[{"embeddable":true,"href":"https:\/\/obsoleta.com.ar\/textos\/wp-json\/wp\/v2\/media\/692"}],"wp:attachment":[{"href":"https:\/\/obsoleta.com.ar\/textos\/wp-json\/wp\/v2\/media?parent=538"}],"wp:term":[{"taxonomy":"category","embeddable":true,"href":"https:\/\/obsoleta.com.ar\/textos\/wp-json\/wp\/v2\/categories?post=538"},{"taxonomy":"post_tag","embeddable":true,"href":"https:\/\/obsoleta.com.ar\/textos\/wp-json\/wp\/v2\/tags?post=538"}],"curies":[{"name":"wp","href":"https:\/\/api.w.org\/{rel}","templated":true}]}}