{"id":48,"date":"2011-10-29T02:48:00","date_gmt":"2011-10-29T02:48:00","guid":{"rendered":"http:\/\/obsoletx.wordpress.com\/2011\/10\/29\/velorios-televisados\/"},"modified":"2024-03-03T21:26:06","modified_gmt":"2024-03-04T00:26:06","slug":"velorios-televisados","status":"publish","type":"post","link":"https:\/\/obsoleta.com.ar\/textos\/60-anos-de-tv\/velorios-televisados\/","title":{"rendered":"Velorios Televisados"},"content":{"rendered":"<div style=\"text-align:justify;\"><span style=\"color:#333333;\">El a\u00f1o pasado por esta fecha, el Festival de Cine y Video Independiente de La Plata [<a href=\"http:\/\/www.festifreak.com.ar\/2010\/index.php?option=com_k2&amp;view=item&amp;id=301:requiem-para-la-televisi%C3%B3n-anal%C3%B3gica&amp;Itemid=57\"><span style=\"color:#333333;\">http:\/\/www.festifreak.com.ar<\/span><\/a>] nos hab\u00eda invitado a realizar una performance durante la ceremonia de apertura y cierre. Por esos d\u00edas nos encontraban trabajando con 90 horas de archivo VHS grabado de la televisi\u00f3n de aire argentina entre 1983 y 1993, los \u00faltimos a\u00f1os de vida de un se\u00f1or jubilado: el <a href=\"http:\/\/www.streamingriachuelo.com.ar\" target=\"_blank\" rel=\"noopener\"><span style=\"color:#333333;\">Proyecto M.A.B.E.L.<\/span><\/a> Hurgando en ese archivo intent\u00e1bamos desarmar la trama de las sensaciones de este hombre los a\u00f1os previos a su muerte. Haciendo foco en las referencias que los registros en videocasete hac\u00edan al tema de la muerte y reconfigurando un recorrido personal a partir de fragmentos: la reconstrucci\u00f3n del zapping lento de un jubilado. As\u00ed surge el <a href=\"http:\/\/salamicroespacio.blogspot.com.ar\/2011\/02\/festifreak-en-el-museo-de-bellas-artes.html\" target=\"_blank\" rel=\"noopener\"><span style=\"color:#333333;\"><i>Requiem para la Televisi\u00f3n Anal\u00f3gica<\/i><\/span><\/a> comprendiendo que lo que all\u00ed terminaba no era la televisi\u00f3n en todas sus formas, sino una en particular que actualmente tiene una sobrevida en el cable.<\/p>\n<p>La idea de <i>Requiem<\/i> aparece de utilizar el <i>kyrie<\/i> de la Misa Criolla, por tratarse esta obra de la primer transmisi\u00f3n televisiva argentina con sonido estereo. Presentada por Hugo Guerrero Marthineitz, la emisi\u00f3n propon\u00eda sintonizar FM Nacional en un centro musical y ver la imagen por ATC para disfrutar de la obra de Ariel Ramirez en Estereo por primera vez en televisi\u00f3n. [<a href=\"http:\/\/www.youtube.com\/watch?v=9Vxzt7s-2ms\"><span style=\"color:#333333;\">http:\/\/www.youtube.com\/watch?v=9Vxzt7s-2ms<\/span><\/a>] Recuerdamos bien haber hecho el experimento propuesto por Marthineitz en ese entonces bajando y subiendo el sonido de la FM, el televisor y un Segundo Programa de Audio [SAP] que ven\u00eda por la AM.-<\/p>\n<p>A partir de la Misa Criolla, en la proyecci\u00f3n aparecen un entramado de citas que hacen referencia ineludible al gobierno de Alfons\u00edn y su visi\u00f3n desde el zapping televisivo. Al final, una grabaci\u00f3n personal es mezclada en directo con la transmisi\u00f3n del velorio de Alfons\u00edn, la \u00faltima imagen con despliegue de la televisi\u00f3n anal\u00f3gica tradicional en la Argentina. Durante el <a href=\"http:\/\/www.streamingriachuelo.com.ar\/requiem\" target=\"_blank\" rel=\"noopener\"><span style=\"color:#333333;\"><i>Requiem para la TV Anal\u00f3gica<\/i><\/span><\/a> sentado delante de la proyecci\u00f3n, escribiendo en una computadora un texto que aparece en vivo y directo sobre la pantalla lo que le otorga su car\u00e1cter perform\u00e1tico.\u00a0 [<a href=\"http:\/\/www.archive.org\/download\/RequiemParaLaTvAnalgica\/apuntes_requiem.zip\"><span style=\"color:#333333;\">http:\/\/www.archive.org\/download\/RequiemParaLaTvAnalgica\/apuntes_requiem.zip<\/span><\/a>]<\/p>\n<p><\/span><\/div>\n<div style=\"text-align:center;\"><span style=\"color:#333333;\">[vimeo http:\/\/www.vimeo.com\/48442879 w=640&amp;h=480]<\/p>\n<p><\/span><\/div>\n<div style=\"text-align:justify;\"><span style=\"color:#333333;\"><i>A<\/i>dem\u00e1s, en clara alusi\u00f3n al <i>apag\u00f3n anal\u00f3gico <\/i>cuando a partir de 2019 la televisi\u00f3n y la radio pasen a emitirse por canales digitales al cumplirse los 10 a\u00f1os que marca la Ley de Servicios de Comunicaci\u00f3n Audiovisual.<\/p>\n<p>Los d\u00edas que separaron la primer y segunda interpretaci\u00f3n estuvieron oscuramente te\u00f1idos del asesinato de Mariano Ferreyra [<i>Estudiante Universitario Militante de Base en el Partido Obrero<\/i>] lo que impuso la incorporaci\u00f3n de la imagen de su muerte en directo por la se\u00f1al <a href=\"http:\/\/www.youtube.com\/watch?v=AdI_RZu3gNM\"><span style=\"color:#333333;\">C5N<\/span><\/a> al final del <i>requiem<\/i> entre las manos que acarician la bandera. Los posteriores devinieron en la de Kirchner.<\/p>\n<p>Parentesis: el primer velorio transmitido por la televisi\u00f3n argentina fue el de Evita, seg\u00fan las elucubraciones hist\u00f3ricas del libro de <span class=\"addmd\">Myriam Escliar sobre la vida de <\/span><i>Blackie<\/i> [<a href=\"http:\/\/books.google.com.ar\/books?id=3-yPGfDTCQMC&amp;lpg=PP1&amp;hl=es&amp;pg=PA91#v=onepage&amp;q&amp;f=false\"><span style=\"color:#333333;\">http:\/\/books.google.com.ar\/books?id=3-yPGfDTCQMC&amp;lpg=PP1&amp;hl=es&amp;pg=PA91#v=onepage&amp;q&amp;f=false<\/span><\/a>].- Claro que no son las imagenes que tenemos en nuestra memoria a trav\u00e9s del <a href=\"http:\/\/www.youtube.com\/watch?v=59AWdRMdfgY\" target=\"_blank\" rel=\"noopener\"><span style=\"color:#333333;\">testimonio cinematogr\u00e1fico<\/span><\/a> como queda registrado en el maravilloso video de creaci\u00f3n <a href=\"http:\/\/es.wikipedia.org\/wiki\/Per%C3%B3n,_sinfon%C3%ADa_del_sentimiento\"><span style=\"color:#333333;\"><i>Per\u00f3n, Sinfon\u00eda del sentimiento<\/i><\/span><\/a> (1999) de Leonardo Favio. Sino, mas bien, un desfilar de rostros sollozos en plano medio visto sin entender desde los televisores que en 1952 estaban en las casas de la clase media acomodada: <i>los contreras<\/i>.- Fin del parentesis.<\/p>\n<p>El \u00faltimo ha sido el de Nestor Kirchner, con el resumen de sus incansables horas de gente desfilando y ofreciendo de alguna manera su pasi\u00f3n. Anoche, a un a\u00f1o, se emiti\u00f3 un compacto rescatando del flujo del vivo televisivo testimonios de aquellos que asistieron al funeral y fueron retratados por las c\u00e1maras de la televisi\u00f3n. [<a href=\"http:\/\/www.youtube.com\/watch?v=ov08pRCQIfc\"><span style=\"color:#333333;\">http:\/\/www.youtube.com\/watch?v=ov08pRCQIfc<\/span><\/a>] Este especial de canal <i>Encuentro<\/i> reprocesando material de la <i>TVP\u00fablica<\/i> fija de alguna manera el rol de ambas se\u00f1ales: la Primera Emisora (la TVP\u00fablica) para el vivo y directo: Noticias y Deportes; la Segunda Emisora (Encuentro) para la reflexi\u00f3n: procesamiento diferido de los acontecimientos. En esta transmisi\u00f3n, ya los televisores estaban en las casas de quienes lloramos a un presidente cercano.<\/p>\n<p>Un abrazo grande a todos,<br \/>\n<i>Streaming=Riachuelo.<\/i><\/p>\n<p><\/span><\/div>\n<div style=\"text-align:justify;\"><span style=\"color:#333333;\">P.S. -2012- : En v\u00edsperas del segundo aniversario de la muerte de Nestor Kirchner y a semanas de la tan esperada entrada en plena vigencia de la <i>Ley de Servicios de Comunicaci\u00f3n Audiovisual<\/i> este pr\u00f3ximo 7 de Diciembre, es que hemos realizado durante el evento artest.tv una <a href=\"http:\/\/vimeo.com\/riachuelo\/ofrenda\" target=\"_blank\" rel=\"noopener\"><span style=\"color:#333333;\"><i>Ofrenda a la Televisi\u00f3n Digital Abierta<\/i><\/span><\/a> (2012), puro esp\u00edritu desencadenando amor \ud83d\ude42<\/span><\/div>\n","protected":false},"excerpt":{"rendered":"<p>El a\u00f1o pasado por esta fecha, el Festival de Cine y Video Independiente de La Plata [http:\/\/www.festifreak.com.ar] nos hab\u00eda invitado a realizar una performance durante la ceremonia de apertura y cierre. Por esos d\u00edas nos encontraban trabajando con 90 horas de archivo VHS grabado de la televisi\u00f3n de aire argentina entre 1983 y 1993, los &hellip; <\/p>\n<p class=\"link-more\"><a href=\"https:\/\/obsoleta.com.ar\/textos\/60-anos-de-tv\/velorios-televisados\/\" class=\"more-link\">Seguir leyendo<span class=\"screen-reader-text\"> \u00abVelorios Televisados\u00bb<\/span><\/a><\/p>\n","protected":false},"author":1,"featured_media":0,"comment_status":"closed","ping_status":"open","sticky":false,"template":"","format":"standard","meta":{"footnotes":""},"categories":[4,5,9,10,14,61,67,91,96,162,164,186],"tags":[209,210,292,324,414,436],"class_list":["post-48","post","type-post","status-publish","format-standard","hentry","category-60-anos-de-tv","category-7d","category-afsca","category-alfonsin","category-apagon-analogico","category-encuentro","category-evita","category-kirchner","category-ley-de-servicios-de-comunicacion-audiovisual","category-television-argentina","category-television-publica","category-velorio","tag-60-anos","tag-7d","tag-evita","tag-kirschner","tag-television","tag-velorios","entry"],"_links":{"self":[{"href":"https:\/\/obsoleta.com.ar\/textos\/wp-json\/wp\/v2\/posts\/48","targetHints":{"allow":["GET"]}}],"collection":[{"href":"https:\/\/obsoleta.com.ar\/textos\/wp-json\/wp\/v2\/posts"}],"about":[{"href":"https:\/\/obsoleta.com.ar\/textos\/wp-json\/wp\/v2\/types\/post"}],"author":[{"embeddable":true,"href":"https:\/\/obsoleta.com.ar\/textos\/wp-json\/wp\/v2\/users\/1"}],"replies":[{"embeddable":true,"href":"https:\/\/obsoleta.com.ar\/textos\/wp-json\/wp\/v2\/comments?post=48"}],"version-history":[{"count":1,"href":"https:\/\/obsoleta.com.ar\/textos\/wp-json\/wp\/v2\/posts\/48\/revisions"}],"predecessor-version":[{"id":1470,"href":"https:\/\/obsoleta.com.ar\/textos\/wp-json\/wp\/v2\/posts\/48\/revisions\/1470"}],"wp:attachment":[{"href":"https:\/\/obsoleta.com.ar\/textos\/wp-json\/wp\/v2\/media?parent=48"}],"wp:term":[{"taxonomy":"category","embeddable":true,"href":"https:\/\/obsoleta.com.ar\/textos\/wp-json\/wp\/v2\/categories?post=48"},{"taxonomy":"post_tag","embeddable":true,"href":"https:\/\/obsoleta.com.ar\/textos\/wp-json\/wp\/v2\/tags?post=48"}],"curies":[{"name":"wp","href":"https:\/\/api.w.org\/{rel}","templated":true}]}}