{"id":470,"date":"2014-12-10T11:20:39","date_gmt":"2014-12-10T14:20:39","guid":{"rendered":"http:\/\/obsoletx.wordpress.com\/?p=470"},"modified":"2024-03-03T21:25:41","modified_gmt":"2024-03-04T00:25:41","slug":"las-senales-como-usinas","status":"publish","type":"post","link":"https:\/\/obsoleta.com.ar\/textos\/afsca\/las-senales-como-usinas\/","title":{"rendered":"las se\u00f1ales como usinas"},"content":{"rendered":"<h1>\u00bfPor qu\u00e9 se\u00f1ales de televisi\u00f3n p\u00fablicas universitarias y se\u00f1ales de televisi\u00f3n comunitarias cooperativas?<\/h1>\n<p>La ley de Servicios de Comunicaci\u00f3n Audiovisual ha visibilizado muchos sujetos que los medios privados no tienen ni tendr\u00e1n jam\u00e1s en su horizonte comunicacional. Entre ellos estamos los profesionales de los medios de comunicaci\u00f3n locales, los artistas y dise\u00f1adores audiovisuales altamente capacitados y violentamente ignorados en la radio y la televisi\u00f3n centralizada, corporativa, anterior.<\/p>\n<p>Quiero decir, que existe el derecho a progresar y que el Estado nos ofrezca las herramientas fundamentales para que con nuestro tiempo y esfuerzo resulten en mayores oportunidades. Y en Argentina eso se cumple; el Estado con nuestro Sistema Educativo que salvando grandes diferencias econ\u00f3micas, otorga acceso a la educaci\u00f3n b\u00e1sica a todos los ciudadanos. Argentina, adem\u00e1s tiene un elevado porcentaje de acceso a la Educaci\u00f3n Superior Universitaria, con una Universidad P\u00fablica Nacional en cada provincia. El derecho a progresar a trav\u00e9s de la educaci\u00f3n es un valor altamente incorporado en el imaginario social de nuestro pueblo, de all\u00ed la frase: \u00abM\u00b4hijo el dotor.\u00bb<\/p>\n<p>Ahora, nos ha sucedido un caso paradigm\u00e1tico, el sector de las industrias audiovisuales est\u00e1 altamente privatizado, concentrado en las ciudades m\u00e1s importantes, precarizado y des-profesionalizado. En este contexto, a diferencia de otras carreras universitarias, aquellos quienes nos hemos dedicado al estudio de las Artes y los Medios de la Industria Audiovisual nos vemos coartados en este ideal de progreso a trav\u00e9s del estudio. Por m\u00e1s que hallamos conseguido insertarnos satisfactoriamente en el mercado laboral como para vivir de nuestra profesi\u00f3n, existe a\u00fan un derecho fundamental que no tenemos: El derecho a ejercer nuestra profesi\u00f3n y desarrollarnos en cualquier lugar del pa\u00eds, inclusive en el lugar d\u00f3nde hemos nacido.<\/p>\n<p>A muchos profesionales este detalle les parece peque\u00f1o, ya que en su gran mayor\u00eda una persona que ha terminado una carrera universitaria puede conseguir buenas oportunidades laborales (a veces mejores, a veces peores) que le permitan vivir dignamente en cualquier parte del territorio nacional. En audiovisual esto no sucede desde que las dos grandes corporaciones de televisi\u00f3n por cable cerraron sus se\u00f1ales locales all\u00e1 por fines de la d\u00e9cada de los noventa. Intentar volver al pago o empezar en otra provincia, incusive alejarse un poco de la Ciudad de Buenos Aires, Rosario o Cordoba era una condena autom\u00e1tica a la perdida de oportunidades de empleo. Esto vino a revertir la Ley de Servicios de Comunicaci\u00f3n Audiovisual, entre otras cosas.<\/p>\n<p>Que existan peque\u00f1as se\u00f1ales locales: Universitarias y Cooperativas en todos los rincones del pa\u00eds, <strong>es la manera de abrir espacios de trabajo, formaci\u00f3n e intercambio para todos los profesionales de la industria audiovisual<\/strong> que andan en tr\u00e1nsito por nuestro territorio. Permitiendo a quien lo desea volver y desarrollarse cerca de sus familiares mayores o trasladarse a otro lugar del pa\u00eds por cuestiones afectivas, de salud, humanas miles y all\u00ed encontrar un grupo de personas relacionadas con su actividad, sin implicar esto m\u00e1s que la libre circulaci\u00f3n de ideas, conocimientos y experiencias en nuestro territorio, es decir: nuestra cultura.<\/p>\n<p>As\u00ed como docentes, polic\u00edas, m\u00e9dicos, ingenieros, abogados, contadores, veterinarios, arquitectos, etc. pueden encontrar relativo acceso al desarrollo de su actividad en cualquier zona del pa\u00eds. Los profesionales de la televisi\u00f3n: productores, camar\u00f3grafos, iluminadores, realizadores de video, editores, dise\u00f1adores, animadores, escen\u00f3grafos, artistas visuales, dise\u00f1adores de sonido, ingenieros de imagen, programadores, etc. podemos encontrar en el crecimiento de peque\u00f1as se\u00f1ales p\u00fablicas y privadas en red un \u00e1mbito de crecimiento. Creciendo los profesionales del medio, crece el medio. <strong>Mejor televisi\u00f3n hace mejores televidentes<\/strong>.<\/p>\n<p><strong>\u00bfPor qu\u00e9 habr\u00eda que preocuparse por reconstruir una red que sostenga a los profesionales de la industria audiovisual?<\/strong><\/p>\n<p>Los medios audiovisuales son el lenguaje de comunicaci\u00f3n del siglo XXI, esto es innegable. En los \u00faltimos cinco a\u00f1os todas las personas pasaron a tener un equipo portatil de video-registro en sus bolsillos y a enviar y recibir textos audiovisuales a sus pares. Este fen\u00f3meno implica cierta alfabetizaci\u00f3n audiovisual. Ya nadie puede decir que \u00abhacer televisi\u00f3n\u00bb es algo prohibitivo solamente a los Estados Nacionales o a las Grandes Corporaciones Privadas.<\/p>\n<p>En esta articulaci\u00f3n entre hacer y saber, es fundamental que nuestro pueblo tenga acceso a las herramientas del lenguaje a trav\u00e9s de la cercan\u00eda de profesionales que ense\u00f1en, difundan y hagan audiovisual en todo el territorio. Los Festivales de Cine y Cortos locales, los ciclos en las Salas EspacioINCAA y las carreras de Cine, Televisi\u00f3n y Comunicaci\u00f3n Audiovisual son las maneras de crear una producci\u00f3n y un consumo diverso, responsable y soberano de la oferta audiovisual. Las se\u00f1ales de televisi\u00f3n p\u00fablicas universitarias y los canales comunitarios cooperativos en red son parte fundamental de este entramado. <strong>Ver, Hacer, Aprender, Saber nos hace Libres<\/strong> \ud83d\ude42<\/p>\n<p>_____________________________________________________________<\/p>\n<p>ref: http:\/\/www.cin.edu.ar\/los-canales-de-television-universitarios\/<br \/>\nref: http:\/\/www.usinademedios.org.ar\/index.php\/usina\/objetivo<\/p>\n","protected":false},"excerpt":{"rendered":"<p>Nuevas se\u00f1ales p\u00fablicas universitarias y nuevos canales comunitarios cooperativas garantizan el derecho de los profesionales de la industria audiovisual a trabajar y desarrollarnos \ud83d\ude42<\/p>\n","protected":false},"author":1,"featured_media":497,"comment_status":"closed","ping_status":"open","sticky":false,"template":"","format":"standard","meta":{"footnotes":""},"categories":[9,38,43,82,139,181,184,190],"tags":[225,237,263,279,380,381,382,385,397,408,414,424],"class_list":["post-470","post","type-post","status-publish","format-standard","has-post-thumbnail","hentry","category-afsca","category-cin","category-consorcio","category-incaa","category-renau","category-universidad","category-usina","category-video","tag-audiovisual","tag-cadencia","tag-continuidad","tag-egresados","tag-presupuesto","tag-produccion","tag-productoras","tag-realizacion","tag-senales","tag-tda","tag-television","tag-trabajo","entry"],"_links":{"self":[{"href":"https:\/\/obsoleta.com.ar\/textos\/wp-json\/wp\/v2\/posts\/470","targetHints":{"allow":["GET"]}}],"collection":[{"href":"https:\/\/obsoleta.com.ar\/textos\/wp-json\/wp\/v2\/posts"}],"about":[{"href":"https:\/\/obsoleta.com.ar\/textos\/wp-json\/wp\/v2\/types\/post"}],"author":[{"embeddable":true,"href":"https:\/\/obsoleta.com.ar\/textos\/wp-json\/wp\/v2\/users\/1"}],"replies":[{"embeddable":true,"href":"https:\/\/obsoleta.com.ar\/textos\/wp-json\/wp\/v2\/comments?post=470"}],"version-history":[{"count":1,"href":"https:\/\/obsoleta.com.ar\/textos\/wp-json\/wp\/v2\/posts\/470\/revisions"}],"predecessor-version":[{"id":1433,"href":"https:\/\/obsoleta.com.ar\/textos\/wp-json\/wp\/v2\/posts\/470\/revisions\/1433"}],"wp:featuredmedia":[{"embeddable":true,"href":"https:\/\/obsoleta.com.ar\/textos\/wp-json\/wp\/v2\/media\/497"}],"wp:attachment":[{"href":"https:\/\/obsoleta.com.ar\/textos\/wp-json\/wp\/v2\/media?parent=470"}],"wp:term":[{"taxonomy":"category","embeddable":true,"href":"https:\/\/obsoleta.com.ar\/textos\/wp-json\/wp\/v2\/categories?post=470"},{"taxonomy":"post_tag","embeddable":true,"href":"https:\/\/obsoleta.com.ar\/textos\/wp-json\/wp\/v2\/tags?post=470"}],"curies":[{"name":"wp","href":"https:\/\/api.w.org\/{rel}","templated":true}]}}