{"id":411,"date":"2014-04-22T16:47:29","date_gmt":"2014-04-22T19:47:29","guid":{"rendered":"http:\/\/obsoletx.wordpress.com\/?p=411"},"modified":"2024-03-03T21:25:43","modified_gmt":"2024-03-04T00:25:43","slug":"apagon-analogico","status":"publish","type":"post","link":"https:\/\/obsoleta.com.ar\/textos\/4g\/apagon-analogico\/","title":{"rendered":"Apag\u00f3n Anal\u00f3gico"},"content":{"rendered":"<p style=\"text-align:justify;\"><a href=\"http:\/\/obsoletx.files.wordpress.com\/2014\/04\/micro_14.png\"><img loading=\"lazy\" decoding=\"async\" class=\"wp-image-412 size-medium\" src=\"http:\/\/obsoletx.files.wordpress.com\/2014\/04\/micro_14.png?w=268\" alt=\"Apag\u00f3n Anal\u00f3gico\" width=\"268\" height=\"300\" srcset=\"https:\/\/obsoleta.com.ar\/textos\/wp-content\/uploads\/2014\/04\/micro_14.png 640w, https:\/\/obsoleta.com.ar\/textos\/wp-content\/uploads\/2014\/04\/micro_14-269x300.png 269w\" sizes=\"auto, (max-width: 268px) 100vw, 268px\" \/><\/a><\/p>\n<p style=\"text-align:justify;\">Para fin de a\u00f1o en la Rep\u00fablica Oriental del Uruguay y en 2019 en la Rep\u00fablica Argentina debemos haber alcanzado el objetivo de dejar de transmitir se\u00f1ales de Televisi\u00f3n en los Sistemas Anal\u00f3gicos para tener el 100% de las bandas de VHF y UHF en Sistema Digital. Brasil lo debe realizar antes de 2018.<\/p>\n<p style=\"text-align:justify;\"><strong>\u00bfPor qu\u00e9 esto es tan importante?<\/strong> Cuando se hizo la transici\u00f3n del Blanco y Negro al Color se opt\u00f3 por la continuidad de las transmisiones sumando el color (PAL) al sistema h\u00edbrido nativo (N). Esto incluy\u00f3 a los viejos receptores que a\u00fan reciben se\u00f1ales de televisi\u00f3n. Al digitalizar el espectro radioel\u00e9ctrico destinado a radiodifusi\u00f3n se obtiene un considerable beneficio en la optimizaci\u00f3n del uso de ese bien escaso. Por cada canal de 6 Mhz que hoy ocupa una se\u00f1al de televisi\u00f3n ahora pueden haber hasta cinco se\u00f1ales. Liberando a su vez parte del espectro destinado a televisi\u00f3n para nuevas tecnolog\u00edas como Banda Ancha M\u00f3vil y se\u00f1ales locales p\u00fablicas, privadas o comunitarias que antes no ten\u00edan lugar en el universo de se\u00f1ales.<\/p>\n<p style=\"text-align:justify;\"><strong>\u00bfC\u00f3mo se divide el Espectro Radioel\u00e9ctrico destinado a Radiodifusi\u00f3n?<\/strong> T\u00e9cnicamente existen dos bandas VHF y UHF que se diferencian por sus propiedades de propagaci\u00f3n y longitud de onda.<\/p>\n<pre style=\"text-align:justify;\"><strong>VHF [Very High Frecuency] -- Longitud de Onda: 10m a 1m<\/strong>\n Ocupan desde el canal 2 hasta el 13 incluido la radio FM.\n BANDA I ---- 54 Mhz al 88Mhz - Canal 2 al 6 -- Ancho de Banda: 34Mhz\n FM --------- 88 Mhz al 108Mhz -------------- - Ancho de Banda: 20Mhz\n BANDA II --- 174Mhz al 216Mhz - Canal 7 al 13  Ancho de Banda: 42Mhz\n\n<strong>UHF [Ultra High Frecuency] -- Longitud de Onda: 1m a 10cm\n<\/strong> Tecnicamente ocupa desde el Canal 14 al Canal 94 \n Inclu\u00eddas porciones asignadas para Telecomunicaciones.\n BANDA 470 ---- 470Mhz a 512Mhz - Canal 14 al 20 ----- 42Mhz [TEL]\n BANDA III ---- 512Mhz a 698Mhz - Canal 21 al 51 ---- 186Mhz [TDT]\n BANDA 700 ---- 698Mhz a 806Mhz - Canal 52 al 69 ---- 108Mhz [LTE]\n BANDA 800 ---- 806Mhz a 890Mhz - Canal 70 al 94 ----- 84Mhz [TEL]<\/pre>\n<p style=\"text-align:justify;\">La diferencia entre los usos posibles de la banda I y II de VHF y los usos posibles de la banda III UHF radican en la experiencia de usuario. Las bandas de frecuencias m\u00e1s baja (VHF) tienen la posibilidad de llegar m\u00e1s lejos a menor potencia <strong>pero necesitan de antenas m\u00e1s largas<\/strong>, por lo que las hace m\u00e1s adecuadas para transmisiones Broadcast donde se necesite cubrir mayor superficie con la misma \u00fanica se\u00f1al. Por el contrario, la banda III (UHF) con frecuencias m\u00e1s altas permite el uso de dispositivos con antenas m\u00e1s peque\u00f1as y la cobertura de zonas m\u00e1s reducidas con la correspondiente posibilidad de re-utilizaci\u00f3n del espectro: es decir, de transmitir a menor potencia en la misma frecuencia distintas se\u00f1ales para \u00e1reas reducidas (hablando en criollo, lo que hace el wi-fi)<\/p>\n<p style=\"text-align:justify;\"><strong>\u00bfQuienes Administran el Espectro Radioel\u00e9ctrico destinado a la radiodifusi\u00f3n?<\/strong> Dentro de la Asignaci\u00f3n de Frecuencias del Espectro intervienen la Secretar\u00eda de Comunicaciones, la Comisi\u00f3n Nacional de Comunicaciones y espec\u00edficamente la porci\u00f3n de espectro destinado a Radio y Televisi\u00f3n la Autoridad Federal de Servicios de Comunicaci\u00f3n Audiovisual.<\/p>\n<p style=\"text-align:justify;\"><strong>\u00bfC\u00f3mo se organiza la Asignaci\u00f3n de Espectro con el objetivo de llegar al Apag\u00f3n Anal\u00f3gico?<\/strong> La Rep\u00fablica Argentina tiene una alta penetraci\u00f3n de abonados al Servicio de Televisi\u00f3n por Suscripci\u00f3n por v\u00ednculo f\u00edsico, en su nominaci\u00f3n vulgar <strong>Cable<\/strong>. Esto facilita el cambio hacia digital, ya que muchos usuarios que a\u00fan est\u00e9n en anal\u00f3gico, reciben las se\u00f1ales a trav\u00e9s de la plataforma del cable.\u00a0Adem\u00e1s, Argentina no ha tenido un gran desarrollo de la televisi\u00f3n en la banda III (UHF) anteriormente a la LeySCA por lo que no existen demasiados servicios de televisi\u00f3n anal\u00f3gica en esa banda.<\/p>\n<p style=\"text-align:justify;\">La mayor\u00eda de las se\u00f1ales de televisi\u00f3n nacidas en los noventa est\u00e1n escindidas de su plataforma de distribuci\u00f3n, por lo que pr\u00e1cticamente no tienen correlato con un canal de aire, cable o sat\u00e9lite. Son se\u00f1ales de generaci\u00f3n que en los distintos sistemas de distribuci\u00f3n tienen distinto n\u00famero y frecuencia: por ej. Cr\u00f3nicaTV.<\/p>\n<p style=\"text-align:justify;\">Por lo tanto, digitalizar el espectro es una tarea mucho m\u00e1s sencilla que en los pa\u00edses de Europa.<\/p>\n<p style=\"text-align:justify;\">La zona de mayor densidad de poblaci\u00f3n y de mayor actividad de radiodifusi\u00f3n, m\u00e1s conflictiva, es la del R\u00edo de la Plata. Cuyos principales centros de producci\u00f3n se encuentran en la Ciudad Aut\u00f3noma de Buenos Aires, \u00c1rea Metropolitana de Buenos Aires (AMBA), La Plata, Montevideo, Rosario y Mar del Plata.<\/p>\n<p style=\"text-align:justify;\"><strong>\u00bfC\u00f3mo se podr\u00eda utilizar el espectro destinado a Servicios de Comunicaci\u00f3n Audiovisual en v\u00edsperas de acercarnos al Apag\u00f3n Anal\u00f3gico y para tener un mejor aprovechamiento de los recursos?<\/strong><\/p>\n<p style=\"text-align:justify;\">En principio queremos se\u00f1alar que el dividendo (la ganancia) de convertir los canales anal\u00f3gicos de 6 Mhz en un MUX digital rompe la l\u00f3gica de que cada se\u00f1al tiene su antena. Ese paradigma de las se\u00f1ales anal\u00f3gicas donde un canal de televisi\u00f3n era tambi\u00e9n un canal en el espectro radioel\u00e9ctrico.<\/p>\n<p style=\"text-align:justify;\">Luego queremos se\u00f1alar que esta l\u00f3gica ya ha sido rota con la llegada de los Servicios de Suscripci\u00f3n por Cable de los noventa y la oferta de Sat\u00e9lite al Hogar de principios de los 2000 (DirecTV) al disociar la Se\u00f1al de Televisi\u00f3n con su n\u00famero de canal en la grilla o el lugar de la Antena Transmisora con el de los Estudios Centrales (como sucedi\u00f3 con todos los canales de la Ciudad de Buenos Aires).<\/p>\n<p style=\"text-align:justify;\">Que la digitalizaci\u00f3n del espectro lo vuelve a poner en manos de <em>la administraci\u00f3n del Estado<\/em> como recurso natural soberano y que a trav\u00e9s de la <strong>Empresa Arsat<\/strong> es como se gestiona en la actualidad el acceso a la Plataforma Digital. Proponiendo un\u00a0uso racional del Espectro y ampliando sus capacidades al administrarlo eficientemente.<\/p>\n<p style=\"text-align:justify;\"><strong>Pensar franjas de espectro por Ancho de Banda dedicado a los tercios propuestos por la Ley de Servicios Audiovisuales es la forma m\u00e1s eficiente de Administrar el Espectro destinado a Radiodifusi\u00f3n.<\/strong><\/p>\n<p style=\"text-align:justify;\">La Banda de VHF es la m\u00e1s adecuada para la Radiodifusi\u00f3n, mientras que las bandas m\u00e1s altas de UHF lo son para Banda Ancha M\u00f3vil desde el punto de vista t\u00e9cnico.<\/p>\n<ol>\n<li style=\"text-align:justify;\">Del 3 al 5 suelen ubicarse las se\u00f1ales municipales y provinciales que podr\u00edan dar lugar en sus mux a las cooperativas locales y universitarias, as\u00ed como a las alternativas de baja potencia. Un 1% podr\u00eda pensarse para las artes, lo que implicar\u00eda a penas un lugarcito dentro de una de estas franjas. Existe, adem\u00e1s, cierta historia en la que el 2 es privado y podr\u00eda sumar 6Mhz que junto con los otros (9, 11 y 13) completen 24 Mhz.<\/li>\n<li style=\"text-align:justify;\">El canal 6 podr\u00eda integrar el MUX de la RTA que junto con el 7, 8 y 10 sumar\u00edan 24Mhz al Servicio P\u00fablico de Televisi\u00f3n Nacional. El Canal 7 de VHF (BANDA II) es hist\u00f3ricamente la TVP\u00fablica desde que comenz\u00f3 la televisi\u00f3n en el Rio de La Plata. Son 24 Mhz para la RTA y se\u00f1ales Nacionales del Servicio P\u00fablico.<\/li>\n<li style=\"text-align:justify;\">Mientras que entre el 9, 11 y 13 se podr\u00eda constituir otros mux que sumen 18 Mhz para los privados. Que junto con el 2 har\u00edan un total de los 24Mhz. que desde los 60 administra la tv privada porte\u00f1a.<\/li>\n<\/ol>\n<p style=\"text-align:justify;\">Cada uno de estos Tercios podr\u00eda estar administrado por<strong> Tres Empresas Diferentes: Una P\u00fablica, Una Cooperativa y Una Privada<\/strong>; o <strong>por un \u00fanico jugador nacional: Arsat;<\/strong> o dejar <strong>cada antena a su libre administraci\u00f3n por parte del poseedor de la licencia principal.<\/strong><\/p>\n<p style=\"text-align:justify;\">Sumando estos 72 Mhz del VHF a los 90 Mhz del UHF ya utilizados entre el canal 22 y el canal 36 de la parte m\u00e1s baja de la BANDA III, se reservar\u00eda un adecuado porcentaje de espectro radioel\u00e9ctrico para los Servicios de Comunicaci\u00f3n Audiovisual, inclusive pensando en futuras se\u00f1ales de Alta Definici\u00f3n en 2k, 4k u 8k. Previendo la utilizaci\u00f3n de la BANDA 600MHZ para Banda Ancha M\u00f3vil en un futuro a\u00fan m\u00e1s exigente de servicios de Internet. En nuestro pa\u00eds el acceso a Internet y Banda Ancha a trav\u00e9s de redes m\u00f3viles podr\u00eda achicar m\u00e1s a\u00fan la brecha digital y promover el acceso a formularios de gobierno electr\u00f3nico, consultas de telemedicina o acceso a la cultura y el conocimiento, por tratarse -la tecnolog\u00eda m\u00f3vil- de una m\u00e1s cercana a las pr\u00e1cticas de nuestra poblaci\u00f3n.<\/p>\n<p style=\"text-align:justify;\">A nuestro entender, una vez alcanzado el Apag\u00f3n Anal\u00f3gico completo, las Se\u00f1ales de Televisi\u00f3n estar\u00e1n del lado de la generaci\u00f3n y Arsat (y otros consorcios p\u00fablicos, privados o cooperativos) del lado de la Administraci\u00f3n de las Antenas y los Mux. Asegurando eficiencia en el uso del espectro.<\/p>\n<p style=\"text-align:justify;\">Copiando un poco la Asignaci\u00f3n de Frecuencias por bloques de Espectro luego del Apag\u00f3n Anal\u00f3gico del Reino Unido en 2009 (*) es que esbozamos este uso sectorizado del espectro en bloques de 24Mhz.<\/p>\n<p style=\"text-align:left;\">(*) <a title=\"http:\/\/en.wikipedia.org\/wiki\/Digital_terrestrial_television_in_the_United_Kingdom#Digital_switchover\" href=\"http:\/\/en.wikipedia.org\/wiki\/Digital_terrestrial_television_in_the_United_Kingdom#Digital_switchover\" target=\"_blank\" rel=\"noopener\">http:\/\/en.wikipedia.org\/wiki\/Digital_terrestrial_television_in_the_United_Kingdom#Digital_switchover<\/a><\/p>\n<p style=\"text-align:justify;\">\n<p style=\"text-align:left;padding-left:30px;\"><strong>PROPUESTA PARA ASIGNACI\u00d3N DEL ESPECTRO LUEGO DEL APAG\u00d3N ANAL\u00d3GICO.<\/strong><\/p>\n<pre><strong> VHF DIGITAL ABIERTA<\/strong> DE GRAN COBERTURA -- 76 Mhz (33%=4 CANALES=24Mhz)\n --- Canales 2 al 5 -- 24Mhz [MUX Comunitario-Cooperativo-Originario-Arte]\n --- Canal 6 - Servicio P\u00fablico - 6Mhz  [Prov.-Municip.-Universidad-Local]\n ----RADIO FM ANAL\u00d3GICA------20Mhz ---------------------------------------\n --- Canales 7 al 9 -- 18Mhz - Servicio P\u00fabico Nacional TVP [RTA Nacional]\n --- Canales 10 al 13  24Mhz - Servicios Privados de Gran Cobertura.\n <strong>-------------------------------------------------------------------------<\/strong>\n <strong>UHF DIGITAL ABIERTA<\/strong> DE BAJA COBERTURA -- 90 Mhz (33%=5 CANALES=30Mhz)\n --- Canales 22 al 26 (518Mhz ~ 548Mhz) Ancho Banda: 30Mhz [MUX P\u00fablicas]\n --- Canales 27 al 31 (548Mhz ~ 578Mhz) Ancho Banda: 30Mhz [MUX Comunita]\n --- Canales 32 al 36 (578Mhz ~ 608Mhz) Ancho Banda: 30Mhz [MUX Privadas]\n--------------------------------------------------------------------------\n <strong>UHF CANAL 37 -- Internacionalmente reservado para Radio-Astronom\u00eda\n<\/strong><strong>--------------------------------------------------------------------------\n<\/strong><strong> UHF DIGITAL <\/strong>CERRADA POR SUSCRIPCI\u00d3N BAJA COBERTURA 72Mhz (33%=4 CANALES)\n --- Canales 38 al 46 (614Mhz ~ 668Mhz) 48Mhz [ANTINA] 8 Privados=66%\n --- Canales 47 al 51 -- 24Mhz -- 4 Libres=33% (Reserva SinFinLucro) \n<strong>--------------------------------------------------------------------------\n<\/strong> <span style=\"color:#000000;\"><strong>UHF -- <a title=\"Licitaci\u00f3n BANDA 700\" href=\"http:\/\/www.pagina12.com.ar\/diario\/economia\/2-246114-2014-05-13.html\" target=\"_blank\" rel=\"noopener\"><span style=\"color:#000000;\">BANDA 700<\/span><\/a> -- 698Mhz~806Mhz - Canal 52-69 - 108Mhz<\/strong> [4G\/LTE]<\/span><\/pre>\n<p style=\"text-align:justify;\">Dividir el Espectro en <strong>Bloques de Ancho de Banda<\/strong> asignados a Operadores de Antena liberar\u00eda a las se\u00f1ales del costo de mantener equipos transmisores, y dar\u00eda la posibilidad de creaci\u00f3n de mejores oportunidades de negocio y asignaci\u00f3n de uso de espectro.<\/p>\n<p>El Canal 4 Brit\u00e1nico, corporaci\u00f3n privada de alcance nacional (<a title=\"http:\/\/es.wikipedia.org\/wiki\/Channel_4\" href=\"http:\/\/es.wikipedia.org\/wiki\/Channel_4\" target=\"_blank\" rel=\"noopener\">http:\/\/es.wikipedia.org\/wiki\/Channel_4<\/a>) publicit\u00f3 durante un tiempo el <strong>Apag\u00f3n Anal\u00f3gico<\/strong> pensando en alertar a la poblaci\u00f3n mayor de edad que pod\u00eda seguir con televisores antiguos, para que est\u00e9n preparados al <strong>cambio a digital<\/strong>. (digital switchover, es como se conoce en ingl\u00e9s al Apag\u00f3n Anal\u00f3gico).<\/p>\n<p>Un <strong>Max Headroom<\/strong> anciano en un geri\u00e1trico brit\u00e1nico despotrica sobre internet y la era digital recordando los viejos tiempos en que \u00e9l era realmente un \u00e9xito en las antiguas redes de cable pre-digital . \ud83d\ude00<\/p>\n<p>Aqu\u00ed les dejamos uno de los anuncios, realmente una genialidad del \u00e1cido humor brit\u00e1nico&#8230;<\/p>\n<p style=\"text-align:center;\"><iframe loading=\"lazy\" title=\"Max Headroom in an old-folks home\" width=\"640\" height=\"480\" src=\"https:\/\/www.youtube.com\/embed\/X18e113BRKE?feature=oembed\" frameborder=\"0\" allow=\"accelerometer; autoplay; clipboard-write; encrypted-media; gyroscope; picture-in-picture; web-share\" referrerpolicy=\"strict-origin-when-cross-origin\" allowfullscreen><\/iframe><\/p>\n","protected":false},"excerpt":{"rendered":"<p>Luego del Apag\u00f3n Anal\u00f3gico previsto para antes de 2019 dispondremos de un importante ancho de banda digital en los canales del 2 al 13. Del dividendo digital como una gran oportunidad para los medios locales, las nuevas se\u00f1ales p\u00fablicas y los proyectos art\u00edsticos aparece.<\/p>\n","protected":false},"author":1,"featured_media":412,"comment_status":"closed","ping_status":"open","sticky":false,"template":"","format":"aside","meta":{"footnotes":""},"categories":[3,14,18,64,72,99,149,165,162,163,164,166,167,168,176],"tags":[218,231,273,288,347],"class_list":["post-411","post","type-post","status-publish","format-aside","has-post-thumbnail","hentry","category-4g","category-apagon-analogico","category-argentina","category-espectro","category-frecuencias","category-lte","category-sistemas-de-distribucion","category-television","category-television-argentina","category-television-digital-terrestre","category-television-publica","category-televisiones-barriales","category-televisiones-comunitarias","category-televisiones-de-baja-potencia","category-tv-argentina","tag-apagon-analogico","tag-banda-700","tag-digital-switchover","tag-espectro-radioelectrico","tag-max-headroom","post_format-post-format-aside","entry"],"_links":{"self":[{"href":"https:\/\/obsoleta.com.ar\/textos\/wp-json\/wp\/v2\/posts\/411","targetHints":{"allow":["GET"]}}],"collection":[{"href":"https:\/\/obsoleta.com.ar\/textos\/wp-json\/wp\/v2\/posts"}],"about":[{"href":"https:\/\/obsoleta.com.ar\/textos\/wp-json\/wp\/v2\/types\/post"}],"author":[{"embeddable":true,"href":"https:\/\/obsoleta.com.ar\/textos\/wp-json\/wp\/v2\/users\/1"}],"replies":[{"embeddable":true,"href":"https:\/\/obsoleta.com.ar\/textos\/wp-json\/wp\/v2\/comments?post=411"}],"version-history":[{"count":1,"href":"https:\/\/obsoleta.com.ar\/textos\/wp-json\/wp\/v2\/posts\/411\/revisions"}],"predecessor-version":[{"id":1437,"href":"https:\/\/obsoleta.com.ar\/textos\/wp-json\/wp\/v2\/posts\/411\/revisions\/1437"}],"wp:featuredmedia":[{"embeddable":true,"href":"https:\/\/obsoleta.com.ar\/textos\/wp-json\/wp\/v2\/media\/412"}],"wp:attachment":[{"href":"https:\/\/obsoleta.com.ar\/textos\/wp-json\/wp\/v2\/media?parent=411"}],"wp:term":[{"taxonomy":"category","embeddable":true,"href":"https:\/\/obsoleta.com.ar\/textos\/wp-json\/wp\/v2\/categories?post=411"},{"taxonomy":"post_tag","embeddable":true,"href":"https:\/\/obsoleta.com.ar\/textos\/wp-json\/wp\/v2\/tags?post=411"}],"curies":[{"name":"wp","href":"https:\/\/api.w.org\/{rel}","templated":true}]}}