{"id":153,"date":"2012-09-23T16:42:49","date_gmt":"2012-09-23T19:42:49","guid":{"rendered":"http:\/\/videounla.wordpress.com\/?p=153"},"modified":"2024-03-03T21:25:59","modified_gmt":"2024-03-04T00:25:59","slug":"adhesion-a-la-candidatura-de-martin-sabbatella-al-afsca","status":"publish","type":"post","link":"https:\/\/obsoleta.com.ar\/textos\/uncategorized\/adhesion-a-la-candidatura-de-martin-sabbatella-al-afsca\/","title":{"rendered":"Adhesi\u00f3n a la candidatura de Mart\u00edn Sabbatella al AFSCA"},"content":{"rendered":"<p>Los docentes de la c\u00e1tedra Video de la Universidad Nacional de Lan\u00fas <strong>adherimos con inmensa alegr\u00eda a la candidatura de Mart\u00edn Sabbatella al AFSCA<\/strong> para llevar a cabo en su total dimensi\u00f3n el cumplimiento de la Ley de Servicios de Comunicaci\u00f3n Audiovisual, sus art\u00edculos anti-monopolio (<em>antitrust<\/em>) y el desarrollo de las televisiones locales (municipales, comunitarias y ciudadanas) en todo el Territorio Nacional.<\/p>\n<p style=\"text-align:center;\"><a href=\"https:\/\/twitter.com\/Sabbatella\/status\/250312135534583809\">https:\/\/twitter.com\/Sabbatella\/status\/250312135534583809<\/a><img decoding=\"async\" class=\"alignnone\" src=\"https:\/\/pbs.twimg.com\/media\/A3lJj6HCIAINYmv.jpg\" alt=\"\" \/><\/p>\n","protected":false},"excerpt":{"rendered":"<p>Los docentes de la c\u00e1tedra Video de la Universidad Nacional de Lan\u00fas adherimos con inmensa alegr\u00eda a la candidatura de Mart\u00edn Sabbatella al AFSCA para llevar a cabo en su total dimensi\u00f3n el cumplimiento de la Ley de Servicios de Comunicaci\u00f3n Audiovisual, sus art\u00edculos anti-monopolio (antitrust) y el desarrollo de las televisiones locales (municipales, comunitarias &hellip; <\/p>\n<p class=\"link-more\"><a href=\"https:\/\/obsoleta.com.ar\/textos\/uncategorized\/adhesion-a-la-candidatura-de-martin-sabbatella-al-afsca\/\" class=\"more-link\">Seguir leyendo<span class=\"screen-reader-text\"> \u00abAdhesi\u00f3n a la candidatura de Mart\u00edn Sabbatella al AFSCA\u00bb<\/span><\/a><\/p>\n","protected":false},"author":1,"featured_media":0,"comment_status":"closed","ping_status":"open","sticky":false,"template":"","format":"standard","meta":{"footnotes":""},"categories":[1],"tags":[210,211,213,217,256,330,392,414],"class_list":["post-153","post","type-post","status-publish","format-standard","hentry","category-uncategorized","tag-7d","tag-7democracia","tag-afsca","tag-antimonopolio","tag-comunitaria","tag-ley-sca","tag-sabbatella","tag-television","entry"],"_links":{"self":[{"href":"https:\/\/obsoleta.com.ar\/textos\/wp-json\/wp\/v2\/posts\/153","targetHints":{"allow":["GET"]}}],"collection":[{"href":"https:\/\/obsoleta.com.ar\/textos\/wp-json\/wp\/v2\/posts"}],"about":[{"href":"https:\/\/obsoleta.com.ar\/textos\/wp-json\/wp\/v2\/types\/post"}],"author":[{"embeddable":true,"href":"https:\/\/obsoleta.com.ar\/textos\/wp-json\/wp\/v2\/users\/1"}],"replies":[{"embeddable":true,"href":"https:\/\/obsoleta.com.ar\/textos\/wp-json\/wp\/v2\/comments?post=153"}],"version-history":[{"count":1,"href":"https:\/\/obsoleta.com.ar\/textos\/wp-json\/wp\/v2\/posts\/153\/revisions"}],"predecessor-version":[{"id":1457,"href":"https:\/\/obsoleta.com.ar\/textos\/wp-json\/wp\/v2\/posts\/153\/revisions\/1457"}],"wp:attachment":[{"href":"https:\/\/obsoleta.com.ar\/textos\/wp-json\/wp\/v2\/media?parent=153"}],"wp:term":[{"taxonomy":"category","embeddable":true,"href":"https:\/\/obsoleta.com.ar\/textos\/wp-json\/wp\/v2\/categories?post=153"},{"taxonomy":"post_tag","embeddable":true,"href":"https:\/\/obsoleta.com.ar\/textos\/wp-json\/wp\/v2\/tags?post=153"}],"curies":[{"name":"wp","href":"https:\/\/api.w.org\/{rel}","templated":true}]}}