{"id":12,"date":"2013-09-01T12:50:00","date_gmt":"2013-09-01T12:50:00","guid":{"rendered":"http:\/\/obsoletx.wordpress.com\/2013\/09\/01\/elogio-de-lo-obsoleto\/"},"modified":"2024-03-03T21:25:53","modified_gmt":"2024-03-04T00:25:53","slug":"elogio-de-lo-obsoleto","status":"publish","type":"post","link":"https:\/\/obsoleta.com.ar\/textos\/8bit\/elogio-de-lo-obsoleto\/","title":{"rendered":"Elogio de lo Obsoleto"},"content":{"rendered":"<div dir=\"ltr\" style=\"text-align:justify;\">Desde las orillas del riachuelo, siempre hemos optado por el uso y re-uso de las tecnolog\u00edas. M\u00e1s por una imperiosa necesidad de trabajar con las herramientas a las que tenemos acceso que por una profunda conciencia ecol\u00f3gica. Sin embargo, la pregunta: <i>\u00bfQui\u00e9n podr\u00eda tener m\u00e1s conciencia ecol\u00f3gica que aquellos que vivimos a orillas del riachuelo?\u00a0<\/i><\/div>\n<div dir=\"ltr\" style=\"text-align:justify;\">\n<p style=\"text-align:justify;\">Muchas veces una tecnolog\u00eda se reinventa, varias veces, para un mismo fin y con potencias diferentes. En el mundo del audiovisual lo hemos visto incansablemente cada cinco a\u00f1os aprox.<br \/>\nA pesar de ello, las viejas tecnolog\u00edas obsoletas reaparecen y casi siempre configuran de nuevo el panorama audiovisual a partir de -en principio- cierta reminiscencia est\u00e9tica en los colores, las texturas y las maneras de registrar im\u00e1genes audiovisuales de anta\u00f1o, pero inmediatamente se plantan como una herramienta de los m\u00e1s d\u00e9biles, los perif\u00e9ricos, los silenciados, los excluidos, \u00ablos subdesarrollados\u00bb -nos han llegado a decir-, negros, pobres, gordos, putos, locas, indios, villeros, truchas, \u00abdel conurbano\u00bb, \u00abdel interior\u00bb, pata sucia (and so on, so on dir\u00eda Zizek).<\/p>\n<p style=\"text-align:justify;\">Todos los d\u00edas nos esforzamos por relacionar la potencia que las tecnolog\u00edas m\u00e1s sofisticadas proponen en sus est\u00e1ndares de Alta Definici\u00f3n de pr\u00edstina nitidez que cuando decaen en su obsolescencia de mercado se las quiere presentar como de Baja Definici\u00f3n con respecto a una nueva. Altamente instaladas, primero por la novedad y luego por el uso cotidiano, comienzan a formar parte de nosotros mismos. Menos resoluci\u00f3n implica m\u00e1s trabajo, implica menos enajenaci\u00f3n, implica preguntarle al de al lado nuestro: \u00ab\u00bfque dijo?\u00bb. Baja resoluci\u00f3n es m\u00e1s participaci\u00f3n popular, es llegar m\u00e1s lejos, es menos <i>broadcast<\/i> y m\u00e1s red. Siempre las tecnolog\u00edas obsoletas son de menor definici\u00f3n que <i>las tecnolog\u00edas actuales de la maquinaria moderna<\/i>.<\/p>\n<p style=\"text-align:justify;\">Si. Estamos orgullosos de haber nacido Obsoletos, de reivindicar leyes obsoletas que den la palabra a quienes nunca antes la han tenido de manera formal. Porque en tanto seres humanos, sujetos de derecho, tal vez un poco m\u00e1s feos, un poco m\u00e1s sucios que otros encontramos en esta Ley, esta lucha declarada obsoleta por los emisarios de la maquinaria moderna tecno-positiva de lo Nuevo y Actual, es algo m\u00e1s que una reglamentaci\u00f3n, tal vez la apertura de un debate sobre Derechos Humanos y Democracia. Vivir dignamente a orillas de un riachuelo y de una televisi\u00f3n que necesita producci\u00f3n, trabajo y sanidad. Que no est\u00e1n disociadas, puede haber televisiones que contruyan hermosos vinculos con la ciudan\u00eda y que potencien las voces como en un gran espacio audiovisual regulado y legitimado (cosa que no se encuentra en internet y mucho menos en esas cuatro empresas transnacionales de mercadeo de historiales de consumo a las que el periodismo llama \u00abredes sociales\u00bb); puede tambi\u00e9n existir un nuevo riachuelo navegable, con industrias no contaminantes y tratamiento de residuos para que nuestros j\u00f3venes tengan trabajo y nuestros ni\u00f1os no mueran intoxicados.<\/p>\n<p style=\"text-align:justify;\">As\u00ed, entre la televisi\u00f3n y el riachuelo estamos aqu\u00ed los de las leyes obsoletas que nos devuelvan la dignidad de la palabra y la vida.<\/p>\n<p>Desde las orillas,<br \/>\nstreaming=riachuelo<\/p>\n<p><span style=\"font-size:x-small;\">ref: Audiencia P\u00fablica sobre la Ley de Servicios de Comunicaci\u00f3n Audiovisual. Exposici\u00f3n de Eliseo Ver\u00f3n: <a title=\"http:\/\/www.youtube.com\/watch?v=-gJ_ebrcMOk\" href=\"http:\/\/www.youtube.com\/watch?v=-gJ_ebrcMOk&amp;feature=share&amp;t=1h28m\" target=\"_blank\" rel=\"noopener\">http:\/\/www.youtube.com\/watch?v=-gJ_ebrcMOk&amp;feature=share&amp;t=1h28m<\/a>\u00a0(28 de Agosto de 2013)<\/span><\/p>\n<\/div>\n","protected":false},"excerpt":{"rendered":"<p>Desde las orillas del riachuelo, siempre hemos optado por el uso y re-uso de las tecnolog\u00edas. M\u00e1s por una imperiosa necesidad de trabajar con las herramientas a las que tenemos acceso que por una profunda conciencia ecol\u00f3gica. Sin embargo, la pregunta: \u00bfQui\u00e9n podr\u00eda tener m\u00e1s conciencia ecol\u00f3gica que aquellos que vivimos a orillas del riachuelo?\u00a0 &hellip; <\/p>\n<p class=\"link-more\"><a href=\"https:\/\/obsoleta.com.ar\/textos\/8bit\/elogio-de-lo-obsoleto\/\" class=\"more-link\">Seguir leyendo<span class=\"screen-reader-text\"> \u00abElogio de lo Obsoleto\u00bb<\/span><\/a><\/p>\n","protected":false},"author":1,"featured_media":0,"comment_status":"closed","ping_status":"open","sticky":false,"template":"","format":"standard","meta":{"footnotes":""},"categories":[6,12,13,14,16,96,118,155,188,189],"tags":[247,261,281,331,368,388,404,410,429,437],"class_list":["post-12","post","type-post","status-publish","format-standard","hentry","category-8bit","category-analogico","category-anciano","category-apagon-analogico","category-apartos","category-ley-de-servicios-de-comunicacion-audiovisual","category-obsoleto","category-tda","category-veron","category-vhs","tag-chatarra","tag-contaminado","tag-elogio","tag-leysca","tag-obsoleta","tag-riachuelo","tag-streaming","tag-tecnologia","tag-umatic","tag-veron","entry"],"_links":{"self":[{"href":"https:\/\/obsoleta.com.ar\/textos\/wp-json\/wp\/v2\/posts\/12","targetHints":{"allow":["GET"]}}],"collection":[{"href":"https:\/\/obsoleta.com.ar\/textos\/wp-json\/wp\/v2\/posts"}],"about":[{"href":"https:\/\/obsoleta.com.ar\/textos\/wp-json\/wp\/v2\/types\/post"}],"author":[{"embeddable":true,"href":"https:\/\/obsoleta.com.ar\/textos\/wp-json\/wp\/v2\/users\/1"}],"replies":[{"embeddable":true,"href":"https:\/\/obsoleta.com.ar\/textos\/wp-json\/wp\/v2\/comments?post=12"}],"version-history":[{"count":1,"href":"https:\/\/obsoleta.com.ar\/textos\/wp-json\/wp\/v2\/posts\/12\/revisions"}],"predecessor-version":[{"id":1448,"href":"https:\/\/obsoleta.com.ar\/textos\/wp-json\/wp\/v2\/posts\/12\/revisions\/1448"}],"wp:attachment":[{"href":"https:\/\/obsoleta.com.ar\/textos\/wp-json\/wp\/v2\/media?parent=12"}],"wp:term":[{"taxonomy":"category","embeddable":true,"href":"https:\/\/obsoleta.com.ar\/textos\/wp-json\/wp\/v2\/categories?post=12"},{"taxonomy":"post_tag","embeddable":true,"href":"https:\/\/obsoleta.com.ar\/textos\/wp-json\/wp\/v2\/tags?post=12"}],"curies":[{"name":"wp","href":"https:\/\/api.w.org\/{rel}","templated":true}]}}