{"id":10,"date":"2013-11-08T17:02:00","date_gmt":"2013-11-08T17:02:00","guid":{"rendered":"http:\/\/obsoletx.wordpress.com\/2013\/11\/08\/ley-de-servicios-de-comunicacion-audiovisual\/"},"modified":"2024-03-03T21:25:50","modified_gmt":"2024-03-04T00:25:50","slug":"ley-de-servicios-de-comunicacion-audiovisual","status":"publish","type":"post","link":"https:\/\/obsoleta.com.ar\/textos\/60-anos-de-tv\/ley-de-servicios-de-comunicacion-audiovisual\/","title":{"rendered":"Ley de Servicios de Comunicaci\u00f3n Audiovisual"},"content":{"rendered":"<div dir=\"ltr\" style=\"text-align:justify;\">\n<p style=\"text-align:justify;\">Ahora que el 29 de Octubre de 2013 entr\u00f3 en plena vigencia la Ley de Servicios de Comunicaci\u00f3n Audiovisual, es un buen momento para revisar qu\u00e9 esperamos por la televisi\u00f3n de aqu\u00ed en m\u00e1s. Con profesionales formados en las carreras de audiovisual de las universidades p\u00fablicas de todo el pa\u00eds y televisoras nuevas o liberadas en las principales ciudades de cada provincia, es saludable, creemos desde el riachuelo, pensar algunas l\u00edneas de trabajo que ya han sido esbozadas en esta primer d\u00e9cada del siglo XXI. Porque no todo se empieza desde cero, existen algunos realizadores, programadoras, camar\u00f3grafos, editoras y gerentes de canales que queremos rescatar como puente para las nuevas producciones de la Televisi\u00f3n Digital Abierta del futuro.<\/p>\n<h1 style=\"text-align:center;\"><a href=\"http:\/\/obsoletx.files.wordpress.com\/2014\/03\/micro_14.png\"><img loading=\"lazy\" decoding=\"async\" class=\"aligncenter  wp-image-291\" alt=\"noblex_micro_14\" src=\"http:\/\/obsoletx.files.wordpress.com\/2014\/03\/micro_14.png?w=268\" width=\"188\" height=\"210\" srcset=\"https:\/\/obsoleta.com.ar\/textos\/wp-content\/uploads\/2014\/03\/micro_14.png 640w, https:\/\/obsoleta.com.ar\/textos\/wp-content\/uploads\/2014\/03\/micro_14-269x300.png 269w\" sizes=\"auto, (max-width: 188px) 100vw, 188px\" \/><\/a><strong>diez l\u00edneas<br \/> de la televisi\u00f3n argentina reciente<\/strong><\/h1>\n<p>&nbsp;<\/p>\n<p><strong>Especiales: Marta Minuj\u00edn (Fundaci\u00f3n UOCRA. ConstruirTV. 2012)<\/strong><br \/>\nEn Agosto de 2012 la se\u00f1al de Televisi\u00f3n Digital Argentina ConstruirTV present\u00f3 un programa Especial dedicado a la figura de Marta Minuj\u00edn con la emisi\u00f3n del documental \u00abConstrucci\u00f3n de un mundo\u00bb (Guillermo Costanzo, 2011). El especial se encuentra ampliamente documentado con material fotogr\u00e1fico y super8, entrevistas originales y registros propios de las obras\/proceso de arte ef\u00edmero de la \u00fanica referente Fluxus\u00a0del Arte Argentino. Es muy importante tener en cuenta que <a href=\"http:\/\/www.construirtv.com\/\">ConstruirTV<\/a>\u00a0est\u00e1 relacionado con el mundo de la construcci\u00f3n, siendo la primer se\u00f1al argentina perteneciente a un Sindicato. En ese sentido, la asociaci\u00f3n del trabajo del artista con el de constructor de mundos, poniendo especial incapie en el artista como un Trabajador de la Cultura,\u00a0 acerca sensiblemente los entornos aparentemente alejados de un alba\u00f1il y un happening para el com\u00fan denominador de los medios masivos durante el siglo XX. Este especial a su vez, se vincula directamente con el programa \u00f3mnibus \u00abLa Campana de Cristal\u00bb\u00a0(Augusto Bonardo, Canal 7, 1964) en el que Marta Minuj\u00edn realiz\u00f3 el primer hapenning televisado, a\u00fan antes de su recordada La Menesunda del Instituto DiTella. Ralph Haliek es el director de esta se\u00f1al, trayendo su trabajo con el videoclip de los inicios de <a href=\"http:\/\/edant.clarin.com\/diario\/1997\/11\/13\/c-00801d.htm\" target=\"_blank\" rel=\"noopener\">MuchMusic<\/a>,donde experiment\u00f3 en el cable una forma local de oposici\u00f3n a la se\u00f1al panamericana MTV.<\/p>\n<p><strong>Ciclo Ciencia y Conciencia. (Secretar\u00eda de Ciencia y T\u00e9cnica de la Naci\u00f3n. 1987)<\/strong><br \/>\n\u00ab<a href=\"http:\/\/www.youtube.com\/watch?v=QLofU_e7nYw\">La Era del \u00d1and\u00fa\u00bb<\/a> (Carlos Sor\u00edn\/Alan Pauls) \/\/ <a href=\"https:\/\/vimeo.com\/30759803\">\u00abChino Basic\u00bb<\/a> (Bebe Kam\u00edn) \/\/ Entre Otros.<br \/>\nEl Ciclo es el referente ineludible para pensar <a href=\"http:\/\/www.tectv.gob.ar\/\">TecTV<\/a>\u00a0(Se\u00f1al de Televisi\u00f3n P\u00fablica del Ministerio de Ciencia, Tecnolog\u00eda e Innovaci\u00f3n). Presentado como un ciclo de divulgaci\u00f3n en ciencia, supo convocar a los j\u00f3venes realizadores audiovisuales en pos de renovar la imagen acartonada y solemne de la comunicaci\u00f3n acad\u00e9mica a trav\u00e9s de ideas visuales y conceptuales atractivas. Dos episodios paradigm\u00e1ticos de esta serie fueron el falso-documental de Carlos Sor\u00edn y Alan Pauls sobre la Bio-K2 y el maravilloso mundo de la tecnolog\u00eda propuesto por Bebe Kam\u00edn donde los taxistas utilizan GPS y las abuelas actualizan sus computadoras personales. Ahora, la actual se\u00f1al TecTV incluye programas como <a href=\"http:\/\/www.youtube.com\/watch?v=GGEjCil2vDs\">Trabajo Pr\u00e1ctico Final <\/a>(LumaDoc. TecTV. 2012) con la excelente construcci\u00f3n del personaje de Luna por parte de Malena Sanchez y la c\u00e1mara de Claudio Beiza (Legendario camar\u00f3grafo de El Otro Lado y El Visitante).-<\/p>\n<p><strong><a href=\"https:\/\/vimeo.com\/36289405\">De la Cabeza<\/a>\u00a0(AmericaTV. 1992)<\/strong><br \/>\nEste programa crea un puente entre las experiencias de <a href=\"http:\/\/www.youtube.com\/watch?v=unz5hD6fZzg\">\u00abEl Mundo de Antonio Gasalla\u00bb<\/a>\u00a0(ATC. 1988\/90) y <a href=\"https:\/\/vimeo.com\/41888081\">\u00ab<\/a><a href=\"https:\/\/vimeo.com\/41888081\">Televisi\u00f3n, una caja para armar\u00bb<\/a>(Roberto Cenderelli. ATC. 1988) con las posteriores incursiones de Mex Urtizberea en Cabl\u00edn, de Roberto Pettinato en \u00abDuro de Domar\u00bb (PPT. Canal 13. 2007) o de Diego Capusotto y Pedro Saborido en la TVP\u00fablica. Cenderelli fue Director Art\u00edstico del canal AmericaTV durante los a\u00f1os 1991\/93 impulsando una renovaci\u00f3n de la pantalla con formatos originales y con la puesta en el aire de films y series extra\u00f1os como Lo que vendr\u00e1\u00a0(Mosquera, 1988) o \u00abMax Headroom\u00bb(Matt Frewer, 1987\/88). \u00abDe la cabeza\u00bb no es solamente un programa que convoca a una generaci\u00f3n nueva a trabajar a la televisi\u00f3n, adem\u00e1s es el punto de contacto entre quienes ven\u00edan trabajando en la renovaci\u00f3n del medio televisivo en los ochenta y quienes tomar\u00edan la posta con \u00abMagazine for Fai\u00bb (GP Producciones. Cabl\u00edn. 1995\/99), \u00abTodox2pesos\u00bb (ATC. 2000\/01), \u00abPeter Capusotto y sus videos\u00bb (TripleD. TVP\u00fablica. 2010\/12) y \u00ab<a href=\"http:\/\/www.youtube.com\/watch?v=9if2nmP2ZPM\" target=\"_blank\" rel=\"noopener\">C.A.P.O.S<\/a>.\u00bb (TripleD. PakaPaka. 2013)<\/p>\n<p><strong><a href=\"https:\/\/vimeo.com\/32230861\">Renato, Misterios de la Materia<\/a>\u00a0(Ciudad Abierta. 2005)<\/strong><br \/>\nLa se\u00f1al de televisi\u00f3n p\u00fablica de la Ciudad Aut\u00f3noma de Buenos Aires es un antecedente de construcci\u00f3n de un canal abierto con ideas nuevas, j\u00f3venes realizadores y presupuestos alejados de los de la televisi\u00f3n comercial. Este programa en particular, es un quiebre en la realizaci\u00f3n de un serial sobre temas de filosof\u00eda y literatura. Pueden ver esta <a href=\"http:\/\/www.archive.org\/details\/Jerjestv-RenatoMisteriosDeLaMateria722\">entrevista<\/a>\u00a0para conocer m\u00e1s de cerca a sus realizadores. Este programa se conecta a la distancia con las recientes clases magistrales sobre literatura que Ricardo Piglia est\u00e1 realizando en horario central por la TVP\u00fcblica \u00ab<a href=\"http:\/\/www.youtube.com\/watch?v=mK0ENCrDB0Q\">Escenas de la novela argentina<\/a>\u00bb y \u00ab<a href=\"http:\/\/www.bn.gov.ar\/borges-por-piglia\" target=\"_blank\" rel=\"noopener\">Borges por Piglia<\/a>\u00bb\u00a0(BNA. TVP\u00fablica. 2012\/13) ya que Gabriel Reches y Alejandro Montalban (junto a la colaboraci\u00f3n del Adrian Caetano) fueron Directores Art\u00edsticos de la Se\u00f1al <a href=\"https:\/\/www.youtube.com\/watch?v=v3-7BoxcRx0\" target=\"_blank\" rel=\"noopener\">Ciudad Abierta<\/a> durante 2005\/2006 y son los productores del programa de Ricardo Piglia actualmente. Es necesario mencionar que durante el per\u00edodo 2005\/2006, Ciudad Abierta puso al aire la totalidad de los tapes del \u00abJuicios a la Junta Militar\u00bb (ATC. 1985) nunca antes televisados completos y re-emiti\u00f3 todos de los episodios de las series El Otro Lado\/El Visitante (ATC. 1993\/95) de Fabi\u00e1n Polosecki. En esta misma l\u00ednea se inscriben la construcci\u00f3n del <a href=\"http:\/\/www.bacua.gob.ar\/\">BACUA<\/a>, la plataforma digital <a href=\"http:\/\/cda.gob.ar\/\">CDA<\/a> y las se\u00f1ales de televisi\u00f3n digital <a href=\"https:\/\/www.facebook.com\/acuatv\">ACUA Federal<\/a> y <a href=\"https:\/\/www.facebook.com\/ACUAMAYOR\">ACUA Mayor<\/a>.<\/p>\n<p><strong><a href=\"http:\/\/www.continentevideo.com.ar\/lucida.php\">L\u00facida<\/a>\u00a0(Universidad Nacional de Tres de Febrero. Canal (\u00e1). 2007)<\/strong><br \/>\nEl desarrollo de un cuerpo te\u00f3rico sobre las producciones de video de America Latina, presentado en formato televisivo. \u00abL\u00facida\u00bb, producido por una Universidad Nacional y realizado por Andr\u00e9s Denegri y Gabriela Golder es el ejemplo m\u00e1s acabado de llevar a la pantalla la obra de j\u00f3venes artistas latinoamericanos de una manera televisiva. Yendo a buscar las obras en un trabajo arduo de recolecci\u00f3n, investigaci\u00f3n y organizaci\u00f3n que normalmente queda dentro de los claustros, en L\u00facida es puesto a la luz del Tubo de Rayos Cat\u00f3dicos de las pantallas urbanas. Superador en envergadura de su anterior referente \u00abPlay\/Rec\u00bb(Carlos Trilnick\/Graciela Taquini. ATC, 2000) e infinitamente m\u00e1s did\u00e1ctico que el megal\u00f3mano \u00abEl Arte del Video\u00bb (Perez Ornia, TVE, 1989\/91). L\u00facida incorpora un delicado trabajo de Motion Graphics para las presentaciones <a href=\"https:\/\/vimeo.com\/20528594\">(https:\/\/vimeo.com\/20528594<\/a>) sin competir con los videos seleccionados, los cuales reproduce en su total duraci\u00f3n dentro del programa. Al futuro, se\u00f1ales p\u00fablicas que han hecho jugar el rol de j\u00f3venes realizadores audiovisuales con formas gr\u00e1ficas innovadoras pueden confluir en lo que es la nueva se\u00f1al de Televisi\u00f3n Digital de la Provincia de Buenas Aires\u00a0<a href=\"http:\/\/www.digotv.gba.gob.ar\/\">DIGOTV<\/a> (2013).En relaci\u00f3n al primer a\u00f1o del canal <a href=\"https:\/\/vimeo.com\/29607068\" target=\"_blank\" rel=\"noopener\">Ciudad Abierta <\/a>(GCBA, 2003\/4) realizado por Gast\u00f3n Duprat y Mariano Cohn.<\/p>\n<p dir=\"ltr\" style=\"text-align:justify;\"><strong><a href=\"http:\/\/www.youtube.com\/watch?v=ztAoE4gty78\">Huellas de un Siglo<\/a>\u00a0(\u00c1rea Cine\/TV P\u00fablica Argentina. 2010)<br \/>\n<\/strong>La Gerencia \u00c1rea Cine\u00a0(a cargo de los realizadores Alejandro Fernandez Mouj\u00e1n y Pablo Reyero) produce en la Televisi\u00f3n P\u00fablica, 13 episodios sobre Historia Argentina con la direcci\u00f3n del contenido hist\u00f3rico por parte de Javier Trimboli, la investigaci\u00f3n hist\u00f3rica de Ariel Yablon y el gui\u00f3n de Dodi Scheuer. Para ello son convocados tres realizadores audiovisuales independientes destacados por sus obras personales y reflexivas: Gustavo Font\u00e1n, <a href=\"http:\/\/www.hernankhourian.com.ar\/tv\/huellas.html\">Hern\u00e1n Khouri\u00e1n<\/a> y Carlos Echeverr\u00eda. Los antecedentes m\u00e1s llamativos de Huellas de un Siglo van desde el programa \u00ab<a href=\"http:\/\/youtu.be\/x7epS5xxQAk\">D\u00e9cadas<\/a>\u00bb (Vacca\/Borroni. ATC. 1986) hasta el censurado \u00abEl galp\u00f3n de la Memoria\u00bb (Rodolfo Hermida. Fundaci\u00f3n Plural. 1989). Es necesario precisar tambi\u00e9n, en este entramado de nombres y programas que aqu\u00ed estamos hilando que Javier Trimbolise desempe\u00f1a en el <a href=\"http:\/\/www.rehime.com.ar\/escritos\/dossier\/dossier_tv60anos\/tv_60anos.php\">\u00c1rea de Digitalizaci\u00f3n<\/a> de la TVP\u00fablica y como asesor de contenidos en el programa de Ricardo Piglia \u00ab<a href=\"http:\/\/www.bn.gov.ar\/escenas-de-la-novela-argentina\">Escenas de la novela argentina<\/a>\u00bb y \u00abBorges por Piglia\u00bb producidos por la Biblioteca Nacional y la TVP\u00fablica. Potenciando una l\u00ednea de documental que incluye un fuerte referente del trabajo con archivo, el found-footage del material encontrado y rescatado de los archivos audiovisuales del edificio de la televisi\u00f3n p\u00fablica argentina<\/p>\n<p><strong><a href=\"http:\/\/vimeo.com\/riachuelo\/visitante\">El Visitante<\/a>\u00a0(Polosecki. ATC. 1995)<\/strong><br \/>\nCon un estilo noir\u00a0y un relato en primera persona, \u00abPolo\u00bb reconstruye el personaje de \u00abJuan, como si nada hubiera pasado\u00bb (Carlos Echeverr\u00eda, 1987) en la b\u00fasqueda de peque\u00f1as historias extraordinarias de gente com\u00fan. Que a su vez incorpora el personaje del exilado\/fantasma que recorre los espacios conocidos con una mirada extra\u00f1ada de \u00abCuarentena\u00bb (Carlos Echeverr\u00eda, 1983).Ya el trabajo de Echeverr\u00eda en el medio televisivo para <a href=\"http:\/\/revista.cinedocumental.com.ar\/3\/notas_01.html\">\u00abEdici\u00f3n Plus\u00bb<\/a> (Telefe. 1992) estaba articulado en los m\u00e1rgenes a trav\u00e9s de la c\u00e1mara oculta. Pero Fabi\u00e1n Polosecki y su equipo de guionistas y realizadores se ponen delante de c\u00e1mara (del otro lado), junto al entrevistado. El\u00a0 ante\u00faltimo episodio de \u00abEl Visitante\u00bb sobre los vecinos del Barrio de Saavedra\u00a0pone por primera vez de manifiesto en la serie, los mecanismos de construcci\u00f3n de la puesta televisiva. Es por eso que los elegimos, en complicidad con el lector, por sobre el primer ciclo \u00ab<a href=\"https:\/\/vimeo.com\/1878414\">El Otro Lado\u00bb<\/a> (Polosecki. ATC. 1993\/94) a este episodio destacado a prop\u00f3sito del barrio de Saavedra. Quince a\u00f1os despues, Diego Lublinksy (realizador de este episodio) realizar\u00e1 \u00ab<a href=\"https:\/\/vimeo.com\/33616649\">15 a\u00f1os luz<\/a>\u00bb (Encuentro. 2011) una serie en la que \u00e9l vuelve a visitar a los personajes entrevistados por Polosecki en aquellos programas. Importante recordar que los ciclos de \u00abPolo\u00bb comienzan como micro-programas en \u00abCuidado con el perro\u00bb\/\u00abRebelde sin pausa\u00bb (Roberto Pettinato. ATC. 1992).- En esta l\u00ednea el documental es una herramienta para pensar programas que interpelen al espectador y su relaci\u00f3n sensible con el mundo que lo rodea.<\/p>\n<p><strong>F\u00fatbol para todos (TVP\u00fablica. 2011\/13)<\/strong><br \/>\nDurante la d\u00e9cada de los noventa se hab\u00eda llegado a un oscuro acuerdo que evitaba la retransmisi\u00f3n de los partidos de f\u00fatbol ni el resumen de los goles hasta pasada la medianoche del domingo. Programas ingeniosos mostraban la cara de los hinchas ante un peligro de gol e intentaban alg\u00fan reflejo en los anteojos negros de una personalidad en la platea baja. Argentina es uno de los pa\u00edses con m\u00e1s tradici\u00f3n en transmisi\u00f3n televisiva de este deporte, a un mes de iniciadas las transmisiones del primer canal de televisi\u00f3n en 1951 y sin edificio propio, el 18 de Noviembre se transmite de forma experimental por primera vez un partido de f\u00fatbol: River-San Lorenzo desde el estadio en la <a href=\"http:\/\/goo.gl\/maps\/gWosw\">Avenida La Plata e Incl\u00e1n<\/a> para los escasos televisores instalados en las vidrieras de los locales de electrodom\u00e9sticos del centro porte\u00f1o. 60 a\u00f1os despu\u00e9s la totalidad de los partidos de primera divisi\u00f3n son transmitidos en vivo y directo de forma gratuita por el Servicio P\u00fablico de Televisi\u00f3n Digital Abierta a trav\u00e9s de Aire, Cable y Sat\u00e9lite para todo el pa\u00eds. En esta l\u00ednea la televisi\u00f3n cumple con su premisa superior (la de informar y entretener) potenciando su rasgo caracter\u00edstico: el vivo y directo. Para construir un estilo period\u00edstico la Facultad de Periodismo y Comunicaci\u00f3n de la UNLP crea en la sede reconvertida de la ex-esma la <a href=\"http:\/\/periodeportivoexesma.wordpress.com\/\" title=\"Tecnicatura en periodismo deportivo\" target=\"_blank\" rel=\"noopener\">tecnicatura en Periodismo Deportivo<\/a> y los medios p\u00fablicos responden con el reciente <a href=\"http:\/\/deportv.gov.ar\/\" title=\"deporTV\" target=\"_blank\" rel=\"noopener\">DeporTV<\/a>, una se\u00f1al p\u00fablica de piso y transmisiones deportivas que lleva a la plataforma digital y muy pronto al cable todo evento deportivo donde un argentino est\u00e9 desempe\u00f1ando su rol. Pueden sintonizar Deportv en HD en el 24.01 de la tda en todo el pa\u00eds y en sus celulares adaptados y <a href=\"http:\/\/obsoletx.wordpress.com\/2014\/01\/07\/mundial-2014\/\" title=\"ver el mundial en tu netbook\" target=\"_blank\" rel=\"noopener\">netbook<\/a> en el 24.31.<\/p>\n<p><strong><a href=\"https:\/\/vimeo.com\/60935689\">Peque\u00f1os Universos<\/a>\u00a0(Boga Bogagna. Encuentro. 2007\/8-2010\/12)<\/strong><br \/>\nChango Spasiuk recorre el pa\u00eds estableciendo un dialogo universal a partir de la m\u00fasica. La cercana realizaci\u00f3n de Bruno Stagnaro,\u00a0<a href=\"http:\/\/www.fortunatofilms.com.ar\/fortunato\/universos.html\">Ulises Rosell<\/a> y Federico Seraf\u00edn son el motivo fundamental por el que incluimos esta serie entre los programas que han marcado un quiebre en la realizaci\u00f3n televisiva argentina. Ya no estamos en presencia de la parafernalia que recorre el pa\u00eds en directo buscando curiosidades a la hora de la siesta como fue <a href=\"http:\/\/youtu.be\/1ig2cHVtMmM\">\u00abEl Espejo<\/a>&#8230;\u00bb\u00a0(Proartel. Canal 13. 1984\/86) en el mejor de los casos o aquel recordado <a href=\"http:\/\/es.wikipedia.org\/wiki\/Telematch\">Telematch<\/a>\u00a0de las ma\u00f1anas de domingo por\u00a0Canal 11. A partir de Peque\u00f1os Universos la puesta en plano, la exactitud de los encuadres, la cercan\u00eda con las personas, la profundidad de los silencios y el placer de la m\u00fasica son la mejor muestra de una televisi\u00f3n de cercan\u00eda. Esta l\u00ednea es tal vez la que menos antecedentes ha encontrado y mayor capacidad de proyecci\u00f3n tiene, nuevas voces, nuevas miradas, para una pantalla que necesita dar espacio a quienes nunca antes lo han tenido y a su vez hacerlo con la calidad t\u00e9cnica y la calidez expresiva de realizadores sensibles y profesionales.<\/p>\n<p><strong>Paka Paka (Se\u00f1al del Ministerio de Educaci\u00f3n de la Naci\u00f3n. 2011\/13)<br \/>\n<\/strong>En la l\u00ednea de producci\u00f3n de contenidos infantiles de calidad que recuperan a aquel \u00ab<a href=\"http:\/\/www.youtube.com\/watch?v=sBtB61_oqGE&amp;t=17m40s\">Magazine For Fai<\/a>\u00bb (GP producciones. Cablin. 1995\/99) a partir de la figura de Mex Urtizberea y la realizaci\u00f3n de Lucrecia Martel; de <a href=\"http:\/\/www.youtube.com\/watch?v=tA8-ejgR6lQ\">Claudio Morgado<\/a> quien luego de Cabl\u00edntendr\u00eda una breve incursi\u00f3n en la se\u00f1al Ciudad Abierta (2005\/2006) y de Mar\u00eda Eugenia Molinari que conducir\u00eda la franja infantil de la TVP\u00fablica llamada \u00ab<a href=\"http:\/\/www.youtube.com\/watch?v=oDsMpH2ObZc\" target=\"_blank\" rel=\"noopener\">Permitido Estacionar<\/a>\u00bb en 2007; es que aparece en 2011 PakaPaka. Esta se\u00f1al, con toda una programaci\u00f3n dedicada a los menores de 6 a\u00f1os, incluye producci\u00f3n propia de calidad con programas de piso con direcci\u00f3n de actores de Mariana Briskihasta la emisi\u00f3n de pel\u00edculas y cortometrajes de animaci\u00f3n (Hayao Miyazaki, Aarmand Studio, etc) que normalmente no llegan al gran p\u00fablico. Ciclos como \u00ab<a href=\"http:\/\/shar.es\/JRzzS\">Animapaka<\/a>\u00bb, \u00ab<a href=\"http:\/\/shar.es\/JRASb\">La asombrosa excursi\u00f3n de Zamba<\/a>\u00bb (El perro en la luna) o \u00abDale Que!\u00bb (Boga Bogagna \/ TV) hacen de <a href=\"http:\/\/www.pakapaka.gob.ar\/sitios\/pakapaka\/envivo\/index\">Paka-Paka<\/a>\u00a0el ejemplo m\u00e1ximo de construcci\u00f3n de una televisi\u00f3n p\u00fablica argentina. En estrecha relaci\u00f3n con \u00ab<a href=\"http:\/\/youtu.be\/g3n_jo0OVPw\">Caloi en su Tinta<\/a>\u00bb(Caloi. ATC. 1990\/99) la televisi\u00f3n vuelve a convertirse en un espacio de trabajo y proyecci\u00f3n para los realizadores de animaci\u00f3n de la industria local, como en la apertura de \u00ab<a href=\"http:\/\/vimeo.com\/56771840\">De cuento en cuento<\/a>\u00bb (Ismael Mon\/BandaAparte, 2012). En esta l\u00ednea se inscribe el trabajo de cientos de animadores argentinos, una de las \u00e1reas m\u00e1s creativas de la realizaci\u00f3n audiovisual: la televisi\u00f3n para ni\u00f1os. La utilizaci\u00f3n de mu\u00f1ecos y t\u00edteres une a la excelente serie \u00ab<a href=\"http:\/\/www.conectate.gob.ar\/module\/detalleRecurso\/DetalleRecurso.do?canalId=3&amp;modulo=etiquetas&amp;temaCanalId=3&amp;tipoEmisionId=3&amp;etiquetaId=40626&amp;etiquetaDesc=vida+cotidiana&amp;idRecurso=100797\" target=\"_blank\" rel=\"noopener\">Los chikuchis<\/a>\u00bb (La Pintada, 2011) y \u00ab<a href=\"https:\/\/vimeo.com\/17339740\" target=\"_blank\" rel=\"noopener\">El mundo de los por qu\u00e9<\/a>\u00bb (Nativa, TVP\u00fablica, 2009), con cl\u00e1sicos como \u00ab<a href=\"http:\/\/www.youtube.com\/watch?v=5CCKqdx4NCU\" target=\"_blank\" rel=\"noopener\">Carozo, Narizota y sus amigos<\/a>\u00bb (ATC, 1987). Ahora tambi\u00e9n con un plus de respeto y compromiso con el grado de responsabilidad que implica generar contenidos para ni\u00f1os y adolescentes.<\/p>\n<p style=\"text-align:center;\">*****<\/p>\n<\/div>\n","protected":false},"excerpt":{"rendered":"<p>Ahora que el 29 de Octubre de 2013 entr\u00f3 en plena vigencia la Ley de Servicios de Comunicaci\u00f3n Audiovisual, es un buen momento para revisar qu\u00e9 esperamos por la televisi\u00f3n de aqu\u00ed en m\u00e1s. Con profesionales formados en las carreras de audiovisual de las universidades p\u00fablicas de todo el pa\u00eds y televisoras nuevas o liberadas &hellip; <\/p>\n<p class=\"link-more\"><a href=\"https:\/\/obsoleta.com.ar\/textos\/60-anos-de-tv\/ley-de-servicios-de-comunicacion-audiovisual\/\" class=\"more-link\">Seguir leyendo<span class=\"screen-reader-text\"> \u00abLey de Servicios de Comunicaci\u00f3n Audiovisual\u00bb<\/span><\/a><\/p>\n","protected":false},"author":1,"featured_media":0,"comment_status":"closed","ping_status":"open","sticky":false,"template":"","format":"standard","meta":{"footnotes":""},"categories":[4,8,9,40,44,55,61,73,96,123,158,176,178,183,202],"tags":[240,253,260,269,282,309,311,315,338,374,408,411,416,418,417],"class_list":["post-10","post","type-post","status-publish","format-standard","hentry","category-60-anos-de-tv","category-acua","category-afsca","category-ciudad-abierta","category-construirtv","category-digotv","category-encuentro","category-futbol-para-todos","category-ley-de-servicios-de-comunicacion-audiovisual","category-pakapaka","category-tectv","category-tv-argentina","category-tvpublica","category-untefmedia","category-zamba","tag-capos","tag-ciudadabierta","tag-construirtv","tag-de-la-cabeza","tag-encuentro","tag-hitos-recientes","tag-huellas-de-un-siglo","tag-incaatv","tag-lucida","tag-pequenos-universos","tag-tda","tag-tectv","tag-television-argentina","tag-television-digital-abierta","tag-television-publica","entry"],"_links":{"self":[{"href":"https:\/\/obsoleta.com.ar\/textos\/wp-json\/wp\/v2\/posts\/10","targetHints":{"allow":["GET"]}}],"collection":[{"href":"https:\/\/obsoleta.com.ar\/textos\/wp-json\/wp\/v2\/posts"}],"about":[{"href":"https:\/\/obsoleta.com.ar\/textos\/wp-json\/wp\/v2\/types\/post"}],"author":[{"embeddable":true,"href":"https:\/\/obsoleta.com.ar\/textos\/wp-json\/wp\/v2\/users\/1"}],"replies":[{"embeddable":true,"href":"https:\/\/obsoleta.com.ar\/textos\/wp-json\/wp\/v2\/comments?post=10"}],"version-history":[{"count":1,"href":"https:\/\/obsoleta.com.ar\/textos\/wp-json\/wp\/v2\/posts\/10\/revisions"}],"predecessor-version":[{"id":1445,"href":"https:\/\/obsoleta.com.ar\/textos\/wp-json\/wp\/v2\/posts\/10\/revisions\/1445"}],"wp:attachment":[{"href":"https:\/\/obsoleta.com.ar\/textos\/wp-json\/wp\/v2\/media?parent=10"}],"wp:term":[{"taxonomy":"category","embeddable":true,"href":"https:\/\/obsoleta.com.ar\/textos\/wp-json\/wp\/v2\/categories?post=10"},{"taxonomy":"post_tag","embeddable":true,"href":"https:\/\/obsoleta.com.ar\/textos\/wp-json\/wp\/v2\/tags?post=10"}],"curies":[{"name":"wp","href":"https:\/\/api.w.org\/{rel}","templated":true}]}}